{"id":1002,"date":"2019-11-28T17:02:03","date_gmt":"2019-11-28T16:02:03","guid":{"rendered":"https:\/\/ambrabat.esteri.it\/news\/dall_ambasciata\/2019\/11\/25-novembre-giornata-internazionale_0-2\/"},"modified":"2019-11-28T17:02:03","modified_gmt":"2019-11-28T16:02:03","slug":"25-novembre-giornata-internazionale_0-2","status":"publish","type":"post","link":"https:\/\/ambrabat.esteri.it\/fr\/news\/dall_ambasciata\/2019\/11\/25-novembre-giornata-internazionale_0-2\/","title":{"rendered":"25 novembre : Journ\u00e9e internationale pour l&rsquo;\u00e9limination de la violence contre les femmes."},"content":{"rendered":"<p>L&rsquo;Italie r\u00e9affirme son ferme attachement \u00e0 la lutte contre toutes les formes de discrimination et de violence contre les femmes, qui demeure un obstacle grave et inacceptable \u00e0 l&rsquo;exercice des droits des femmes et \u00e0 leur plein \u00e9panouissement personnel. Il s&rsquo;agit d&rsquo;un engagement prioritaire de la politique \u00e9trang\u00e8re de notre pays, que la Farnesina m\u00e8ne tant au niveau des n\u00e9gociations diplomatiques qu&rsquo;au niveau de la coop\u00e9ration au d\u00e9veloppement. De nombreuses campagnes internationales, telles que celles pour l&rsquo;\u00e9radication des mutilations g\u00e9nitales f\u00e9minines (MGF) et les mariages pr\u00e9coces et forc\u00e9s, en t\u00e9moignent, qui ont toujours vu l&rsquo;Italie en premi\u00e8re ligne.<\/p>\n<p>A l&rsquo;occasion de la Journ\u00e9e internationale pour l&rsquo;\u00e9limination de la violence contre les femmes, la Farnesina et son r\u00e9seau \u00e9tranger adh\u00e8rent \u00e0 la campagne de sensibilisation #OrangetheWorld, promue par ONU Femmes, qui en 2019 est ax\u00e9e sur la lutte contre le viol, une forme de violence de genre particuli\u00e8rement odieuse et r\u00e9pandue, dont une femme sur trois dans le monde a \u00e9t\u00e9 victime dans sa vie. La campagne sera \u00e9galement associ\u00e9e au hashtag #GenerationEquality qui, rappelant le 25e anniversaire de la D\u00e9claration de Beijing sur les femmes, invite chacun \u00e0 prendre de nouvelles mesures importantes vers l&rsquo;\u00e9galit\u00e9 des sexes : un objectif qu&rsquo;aucun pays du monde ne peut pr\u00e9tendre avoir atteint \u00e0 ce jour.<\/p>\n<p>\u00a0<\/p>\n<p><strong>Approfondissement &#8211; L&rsquo;engagement de l&rsquo;Italie en faveur de l&rsquo;\u00e9limination de la violence sexiste<\/strong><\/p>\n<p>L&rsquo;Italie s&#8217;emploie activement \u00e0 promouvoir les droits des femmes, des filles et des jeunes filles, dans ses relations bilat\u00e9rales avec d&rsquo;autres \u00c9tats, dans les organisations internationales et dans les programmes de coop\u00e9ration pour le d\u00e9veloppement, en vue de la pleine r\u00e9alisation de l&rsquo;objectif de d\u00e9veloppement durable SDG 5 d&rsquo;Action 2030. La pr\u00e9vention et la lutte contre toutes les formes de violence \u00e0 l&rsquo;\u00e9gard des femmes est \u00e9galement l&rsquo;une des priorit\u00e9s du mandat actuel de l&rsquo;Italie au Conseil des droits de l&rsquo;homme des Nations Unies (2019-2021).<\/p>\n<p>Ces derniers jours, au Sommet de Nairobi \u00e0 l&rsquo;occasion du 25e anniversaire de la Conf\u00e9rence internationale sur la population et le d\u00e9veloppement (CIPD), l&rsquo;Italie a annonc\u00e9 de nouveaux engagements dans des domaines qui ont toujours \u00e9t\u00e9 prioritaires, comme la lutte contre des pratiques gravement pr\u00e9judiciables comme les mutilations g\u00e9nitales f\u00e9minines et les mariages pr\u00e9coces et forc\u00e9s, qui portent atteinte \u00e0 la sant\u00e9 physique et mentale des femmes et des filles, ainsi que pour r\u00e9duire la mortalit\u00e9 maternelle et pour l&rsquo;\u00e9mancipation des jeunes femmes en mati\u00e8re de sant\u00e9 sexuelle et reproductive. Le Plan strat\u00e9gique national contre la violence masculine \u00e0 l&rsquo;\u00e9gard des femmes 2017-2020, qui met en \u0153uvre la Convention d&rsquo;Istanbul sur la violence \u00e0 l&rsquo;\u00e9gard des femmes et la violence familiale, comprend \u00e9galement des engagements importants pour prot\u00e9ger les femmes et les filles.<\/p>\n<p>L&rsquo;Italie soutient \u00e9galement les initiatives internationales visant \u00e0 pr\u00e9venir et \u00e0 combattre la violence sexuelle et sexiste dans les situations de conflit et d&rsquo;urgence (y compris l&rsquo;Appel \u00e0 l&rsquo;action pour la protection contre la violence sexiste dans les situations d&rsquo;urgence), ainsi que dans la coop\u00e9ration au d\u00e9veloppement et l&rsquo;aide humanitaire (par exemple, la <strong><a href=\"https:\/\/legalinstruments.oecd.org\/en\/instruments\/OECD-LEGAL-5020\">recommandation de l&rsquo;OCDE-CAD <\/a><\/strong>cette ann\u00e9e). L&rsquo;Italie s&rsquo;est depuis longtemps engag\u00e9e \u00e0 promouvoir une politique de tol\u00e9rance z\u00e9ro \u00e0 l&rsquo;\u00e9gard des abus et de l&rsquo;exploitation sexuels commis par le personnel militaire et civil participant aux missions de maintien de la paix des Nations Unies.<\/p>\n","protected":false},"excerpt":{"rendered":"L&rsquo;Italie r\u00e9affirme son ferme attachement \u00e0 la lutte contre toutes les formes de discrimination et de violence contre les femmes, qui demeure un obstacle grave et inacceptable \u00e0 l&rsquo;exercice des droits des femmes et \u00e0 leur plein \u00e9panouissement personnel. Il s&rsquo;agit d&rsquo;un engagement prioritaire de la politique \u00e9trang\u00e8re de notre pays, que la Farnesina m\u00e8ne [&hellip;]","protected":false},"author":1,"featured_media":0,"comment_status":"","ping_status":"","sticky":false,"template":"","format":"standard","meta":{"footnotes":""},"tags":[],"class_list":["post-1002","post","type-post","status-publish","format-standard","hentry"],"_links":{"self":[{"href":"https:\/\/ambrabat.esteri.it\/fr\/wp-json\/wp\/v2\/posts\/1002","targetHints":{"allow":["GET"]}}],"collection":[{"href":"https:\/\/ambrabat.esteri.it\/fr\/wp-json\/wp\/v2\/posts"}],"about":[{"href":"https:\/\/ambrabat.esteri.it\/fr\/wp-json\/wp\/v2\/types\/post"}],"author":[{"embeddable":true,"href":"https:\/\/ambrabat.esteri.it\/fr\/wp-json\/wp\/v2\/users\/1"}],"replies":[{"embeddable":true,"href":"https:\/\/ambrabat.esteri.it\/fr\/wp-json\/wp\/v2\/comments?post=1002"}],"version-history":[{"count":0,"href":"https:\/\/ambrabat.esteri.it\/fr\/wp-json\/wp\/v2\/posts\/1002\/revisions"}],"wp:attachment":[{"href":"https:\/\/ambrabat.esteri.it\/fr\/wp-json\/wp\/v2\/media?parent=1002"}],"wp:term":[{"taxonomy":"post_tag","embeddable":true,"href":"https:\/\/ambrabat.esteri.it\/fr\/wp-json\/wp\/v2\/tags?post=1002"}],"curies":[{"name":"wp","href":"https:\/\/api.w.org\/{rel}","templated":true}]}}