{"id":1008,"date":"2019-11-21T18:42:24","date_gmt":"2019-11-21T17:42:24","guid":{"rendered":"https:\/\/ambrabat.esteri.it\/news\/dall_ambasciata\/2019\/11\/quarta-edizione-de-la-settimana-2\/"},"modified":"2019-11-21T18:42:24","modified_gmt":"2019-11-21T17:42:24","slug":"quarta-edizione-de-la-settimana-2","status":"publish","type":"post","link":"https:\/\/ambrabat.esteri.it\/fr\/news\/dall_ambasciata\/2019\/11\/quarta-edizione-de-la-settimana-2\/","title":{"rendered":"4\u00e8me \u00e9dition de \u00ab La Semaine de la Cuisine Italienne dans le Monde \u00bb (18-24 Novembre 2019)."},"content":{"rendered":"<p>Dans le cadre de ses activit\u00e9s de promotion du \u00ab Made in Italy \u00bb, l\u2019Ambassade d\u2019Italie \u00e0 Rabat a l\u2019honneur de pr\u00e9senter la 4\u00e8me \u00e9dition de \u00ab La Semaine de la Cuisine Italienne dans le Monde \u00bb qui se d\u00e9roulera du 18 au 24 Novembre 2019 dans plus d&rsquo;une centaine de Pays.<\/p>\n<p>C\u2019est dans ce cadre que s\u2019ins\u00e8rent les \u00e9v\u00e9nements de la Semaine de la Cuisine Italienne, cette ann\u00e9e exceptionnellement caract\u00e9ris\u00e9e par la pr\u00e9sence du Chef \u00e9toil\u00e9 Luigi Sartini.<\/p>\n<p>Enfin, la Chambre de Commerce Italienne au Maroc (CCIM), avec le soutien institutionnel de l\u2019Ambassade d\u2019Italie, a confirm\u00e9 m\u00eame pour cette \u00e9dition l\u2019op\u00e9ration \u00abSapori d\u2019Italia\u00bb: tous les passionn\u00e9s pourront go\u00fbter les plats d\u00e9licieux de la cuisine italienne, gr\u00e2ce \u00e0 des menus promotionnels offerts par les restaurants italiens mentionn\u00e9s dans la page internet: www.ccimaroc.com\/fr\/.<\/p>\n<p>Consultez le <strong><a href=\"resource\/doc\/2019\/11\/communiqu_de_presse_fr.pdf\">programme<\/a>.<\/strong><\/p>\n","protected":false},"excerpt":{"rendered":"Dans le cadre de ses activit\u00e9s de promotion du \u00ab Made in Italy \u00bb, l\u2019Ambassade d\u2019Italie \u00e0 Rabat a l\u2019honneur de pr\u00e9senter la 4\u00e8me \u00e9dition de \u00ab La Semaine de la Cuisine Italienne dans le Monde \u00bb qui se d\u00e9roulera du 18 au 24 Novembre 2019 dans plus d&rsquo;une centaine de Pays. C\u2019est dans ce [&hellip;]","protected":false},"author":1,"featured_media":0,"comment_status":"","ping_status":"","sticky":false,"template":"","format":"standard","meta":{"footnotes":""},"tags":[],"class_list":["post-1008","post","type-post","status-publish","format-standard","hentry"],"_links":{"self":[{"href":"https:\/\/ambrabat.esteri.it\/fr\/wp-json\/wp\/v2\/posts\/1008","targetHints":{"allow":["GET"]}}],"collection":[{"href":"https:\/\/ambrabat.esteri.it\/fr\/wp-json\/wp\/v2\/posts"}],"about":[{"href":"https:\/\/ambrabat.esteri.it\/fr\/wp-json\/wp\/v2\/types\/post"}],"author":[{"embeddable":true,"href":"https:\/\/ambrabat.esteri.it\/fr\/wp-json\/wp\/v2\/users\/1"}],"replies":[{"embeddable":true,"href":"https:\/\/ambrabat.esteri.it\/fr\/wp-json\/wp\/v2\/comments?post=1008"}],"version-history":[{"count":0,"href":"https:\/\/ambrabat.esteri.it\/fr\/wp-json\/wp\/v2\/posts\/1008\/revisions"}],"wp:attachment":[{"href":"https:\/\/ambrabat.esteri.it\/fr\/wp-json\/wp\/v2\/media?parent=1008"}],"wp:term":[{"taxonomy":"post_tag","embeddable":true,"href":"https:\/\/ambrabat.esteri.it\/fr\/wp-json\/wp\/v2\/tags?post=1008"}],"curies":[{"name":"wp","href":"https:\/\/api.w.org\/{rel}","templated":true}]}}