{"id":1169,"date":"2017-10-20T15:49:50","date_gmt":"2017-10-20T14:49:50","guid":{"rendered":"https:\/\/ambrabat.esteri.it\/news\/dall_ambasciata\/2017\/10\/medinit-2017-2\/"},"modified":"2017-10-20T15:49:50","modified_gmt":"2017-10-20T14:49:50","slug":"medinit-2017-2","status":"publish","type":"post","link":"https:\/\/ambrabat.esteri.it\/fr\/news\/dall_ambasciata\/2017\/10\/medinit-2017-2\/","title":{"rendered":"Medinit 2017"},"content":{"rendered":"<p>L&rsquo;inauguration de l&rsquo;\u00e9dition 2017 de \u00ab\u00a0Medinit\u00a0\u00bb, le Salon italien du design et des technologies pour l&rsquo;am\u00e9nagement d&rsquo;int\u00e9rieur et pour la construction, aura lieu le 26 octobre prochain \u00e0 Casablanca. Pour lire le communiqu\u00e9 de presse, cliquez <a href=\"\/ambasciata_rabat\/resource\/doc\/2017\/10\/communiqu_de_presse_-mdinit_expo_2017.pdf\">ici<\/a>.<\/p>\n","protected":false},"excerpt":{"rendered":"L&rsquo;inauguration de l&rsquo;\u00e9dition 2017 de \u00ab\u00a0Medinit\u00a0\u00bb, le Salon italien du design et des technologies pour l&rsquo;am\u00e9nagement d&rsquo;int\u00e9rieur et pour la construction, aura lieu le 26 octobre prochain \u00e0 Casablanca. Pour lire le communiqu\u00e9 de presse, cliquez ici.","protected":false},"author":1,"featured_media":0,"comment_status":"","ping_status":"","sticky":false,"template":"","format":"standard","meta":{"footnotes":""},"tags":[],"class_list":["post-1169","post","type-post","status-publish","format-standard","hentry"],"_links":{"self":[{"href":"https:\/\/ambrabat.esteri.it\/fr\/wp-json\/wp\/v2\/posts\/1169","targetHints":{"allow":["GET"]}}],"collection":[{"href":"https:\/\/ambrabat.esteri.it\/fr\/wp-json\/wp\/v2\/posts"}],"about":[{"href":"https:\/\/ambrabat.esteri.it\/fr\/wp-json\/wp\/v2\/types\/post"}],"author":[{"embeddable":true,"href":"https:\/\/ambrabat.esteri.it\/fr\/wp-json\/wp\/v2\/users\/1"}],"replies":[{"embeddable":true,"href":"https:\/\/ambrabat.esteri.it\/fr\/wp-json\/wp\/v2\/comments?post=1169"}],"version-history":[{"count":0,"href":"https:\/\/ambrabat.esteri.it\/fr\/wp-json\/wp\/v2\/posts\/1169\/revisions"}],"wp:attachment":[{"href":"https:\/\/ambrabat.esteri.it\/fr\/wp-json\/wp\/v2\/media?parent=1169"}],"wp:term":[{"taxonomy":"post_tag","embeddable":true,"href":"https:\/\/ambrabat.esteri.it\/fr\/wp-json\/wp\/v2\/tags?post=1169"}],"curies":[{"name":"wp","href":"https:\/\/api.w.org\/{rel}","templated":true}]}}