{"id":1191,"date":"2017-06-28T15:12:13","date_gmt":"2017-06-28T14:12:13","guid":{"rendered":"https:\/\/ambrabat.esteri.it\/news\/dall_ambasciata\/2017\/06\/inaugurazione-mostra-le-maroc-du-2\/"},"modified":"2017-06-28T15:12:13","modified_gmt":"2017-06-28T14:12:13","slug":"inaugurazione-mostra-le-maroc-du-2","status":"publish","type":"post","link":"https:\/\/ambrabat.esteri.it\/fr\/news\/dall_ambasciata\/2017\/06\/inaugurazione-mostra-le-maroc-du-2\/","title":{"rendered":"Inauguration de l\u2019exposition \u00ab Le Maroc du XXeme si\u00e8cle : impressions et souvenirs des explorateurs italiens \u00bb. Biblioth\u00e8que Nationale de Rabat, 6 juillet, 19h00"},"content":{"rendered":"<p style=\"text-align: justify;\">L\u2019Ambassade d\u2019Italie et l\u2019Institut Culturel Italien organisent l\u2019exposition \u00ab le Maroc du XX si\u00e8cle: impressions et souvenirs des explorateurs italiens \u00bb qui sera inaugur\u00e9e le 6 juillet prochain \u00e0 la Biblioth\u00e8que Nationale de Rabat et qui sera expos\u00e9e aussi \u00e0\u00a0 asablanca, Beni Mellal et Marrakech jusqu\u2019\u00e0 la fin de l\u2019ann\u00e9e. L\u2019exposition est r\u00e9alis\u00e9e gr\u00e2ce \u00e0 une fructueuse collaboration avec la Soci\u00e9t\u00e9 G\u00e9ographique Italienne, qui poss\u00e8de \u00e0 Rome, dans ses archives, des extraordinaires images du Maroc. La collection de photographies qui seront expos\u00e9es se focalise en particulier sur les impressions des explorateurs italiens envoy\u00e9s par l\u2019ancien Royaume d\u2019Italie au Maroc au d\u00e9but de 1900, dans le cadre d\u2019une mission diplomatique visant \u00e0 \u00e9tablir des contacts entre le jeune Etat italien, unifi\u00e9 en 1861, et le Royaume du Maroc.<\/p>\n","protected":false},"excerpt":{"rendered":"L\u2019Ambassade d\u2019Italie et l\u2019Institut Culturel Italien organisent l\u2019exposition \u00ab le Maroc du XX si\u00e8cle: impressions et souvenirs des explorateurs italiens \u00bb qui sera inaugur\u00e9e le 6 juillet prochain \u00e0 la Biblioth\u00e8que Nationale de Rabat et qui sera expos\u00e9e aussi \u00e0\u00a0 asablanca, Beni Mellal et Marrakech jusqu\u2019\u00e0 la fin de l\u2019ann\u00e9e. L\u2019exposition est r\u00e9alis\u00e9e gr\u00e2ce \u00e0 [&hellip;]","protected":false},"author":1,"featured_media":0,"comment_status":"","ping_status":"","sticky":false,"template":"","format":"standard","meta":{"footnotes":""},"tags":[],"class_list":["post-1191","post","type-post","status-publish","format-standard","hentry"],"_links":{"self":[{"href":"https:\/\/ambrabat.esteri.it\/fr\/wp-json\/wp\/v2\/posts\/1191","targetHints":{"allow":["GET"]}}],"collection":[{"href":"https:\/\/ambrabat.esteri.it\/fr\/wp-json\/wp\/v2\/posts"}],"about":[{"href":"https:\/\/ambrabat.esteri.it\/fr\/wp-json\/wp\/v2\/types\/post"}],"author":[{"embeddable":true,"href":"https:\/\/ambrabat.esteri.it\/fr\/wp-json\/wp\/v2\/users\/1"}],"replies":[{"embeddable":true,"href":"https:\/\/ambrabat.esteri.it\/fr\/wp-json\/wp\/v2\/comments?post=1191"}],"version-history":[{"count":0,"href":"https:\/\/ambrabat.esteri.it\/fr\/wp-json\/wp\/v2\/posts\/1191\/revisions"}],"wp:attachment":[{"href":"https:\/\/ambrabat.esteri.it\/fr\/wp-json\/wp\/v2\/media?parent=1191"}],"wp:term":[{"taxonomy":"post_tag","embeddable":true,"href":"https:\/\/ambrabat.esteri.it\/fr\/wp-json\/wp\/v2\/tags?post=1191"}],"curies":[{"name":"wp","href":"https:\/\/api.w.org\/{rel}","templated":true}]}}