{"id":1224,"date":"2017-03-17T11:37:17","date_gmt":"2017-03-17T10:37:17","guid":{"rendered":"https:\/\/ambrabat.esteri.it\/news\/dall_ambasciata\/2017\/03\/vertice-g7-taormina-26-27-maggio-2\/"},"modified":"2017-03-17T11:37:17","modified_gmt":"2017-03-17T10:37:17","slug":"vertice-g7-taormina-26-27-maggio-2","status":"publish","type":"post","link":"https:\/\/ambrabat.esteri.it\/fr\/news\/dall_ambasciata\/2017\/03\/vertice-g7-taormina-26-27-maggio-2\/","title":{"rendered":"Sommet G7 (Taormina, 26-27 mai 2017). R\u00e9tablissement temporaire des contr\u00f4les aux fronti\u00e8res internes."},"content":{"rendered":"<p style=\"text-align: justify;\">A l\u2019occasion du Sommet G7 de Taormina (26-27 mai 2017), des contr\u00f4les aux fronti\u00e8res internes de la zone Schengen seront temporairement r\u00e9tablis aupr\u00e8s des points d\u2019entr\u00e9e terrestres, maritimes et a\u00e9riens en Italie. La suspension temporaire du r\u00e9gime ordinaire de libert\u00e9 de mouvement dans l\u2019espace Schengen est activ\u00e9e en application de l\u2019art.25 du Code de fronti\u00e8re Schengen (R\u00e8glement UE 2016\/399 du 9 mars 2016). Il s\u2019agit d\u2019une pratique consolid\u00e9e parmi les Etats Schengen \u00e0 l\u2019occasion d\u2019\u00e9v\u00e8nements pareils.<\/p>\n<p>Le r\u00e9tablissement des contr\u00f4les aux fronti\u00e8res sera activ\u00e9 \u00e0 partir de 00h00 du 10 mai jusqu\u2019\u00e0 24h00 du 30 mai 2017.<\/p>\n<p style=\"text-align: justify;\">Il est \u00e0 noter que, en cas d\u2019entr\u00e9e en Italie \u00e0 travers la fronti\u00e8re avec un pays Schengen, il ne sera n\u00e9anmoins appliqu\u00e9 un autre cach\u00e9 sur le passeport. Si le citoyen d\u2019un pays tiers a un visa valide pour une seule entr\u00e9e et d\u00e9j\u00e0 cachet\u00e9 au moment de l\u2019entr\u00e9e dans la premi\u00e8re destination Schengen, ledit visa sera aussi valide pour l\u2019entr\u00e9e en Italie, \u00e0 condition que la dur\u00e9e dudit visa soit encore en cours de validit\u00e9.<\/p>\n<p>\u00a0<\/p>\n","protected":false},"excerpt":{"rendered":"A l\u2019occasion du Sommet G7 de Taormina (26-27 mai 2017), des contr\u00f4les aux fronti\u00e8res internes de la zone Schengen seront temporairement r\u00e9tablis aupr\u00e8s des points d\u2019entr\u00e9e terrestres, maritimes et a\u00e9riens en Italie. La suspension temporaire du r\u00e9gime ordinaire de libert\u00e9 de mouvement dans l\u2019espace Schengen est activ\u00e9e en application de l\u2019art.25 du Code de fronti\u00e8re [&hellip;]","protected":false},"author":1,"featured_media":0,"comment_status":"","ping_status":"","sticky":false,"template":"","format":"standard","meta":{"footnotes":""},"tags":[],"class_list":["post-1224","post","type-post","status-publish","format-standard","hentry"],"_links":{"self":[{"href":"https:\/\/ambrabat.esteri.it\/fr\/wp-json\/wp\/v2\/posts\/1224","targetHints":{"allow":["GET"]}}],"collection":[{"href":"https:\/\/ambrabat.esteri.it\/fr\/wp-json\/wp\/v2\/posts"}],"about":[{"href":"https:\/\/ambrabat.esteri.it\/fr\/wp-json\/wp\/v2\/types\/post"}],"author":[{"embeddable":true,"href":"https:\/\/ambrabat.esteri.it\/fr\/wp-json\/wp\/v2\/users\/1"}],"replies":[{"embeddable":true,"href":"https:\/\/ambrabat.esteri.it\/fr\/wp-json\/wp\/v2\/comments?post=1224"}],"version-history":[{"count":0,"href":"https:\/\/ambrabat.esteri.it\/fr\/wp-json\/wp\/v2\/posts\/1224\/revisions"}],"wp:attachment":[{"href":"https:\/\/ambrabat.esteri.it\/fr\/wp-json\/wp\/v2\/media?parent=1224"}],"wp:term":[{"taxonomy":"post_tag","embeddable":true,"href":"https:\/\/ambrabat.esteri.it\/fr\/wp-json\/wp\/v2\/tags?post=1224"}],"curies":[{"name":"wp","href":"https:\/\/api.w.org\/{rel}","templated":true}]}}