{"id":1835,"date":"2024-03-14T14:15:35","date_gmt":"2024-03-14T13:15:35","guid":{"rendered":"https:\/\/ambrabat.esteri.it\/?p=1835"},"modified":"2024-03-14T14:17:20","modified_gmt":"2024-03-14T13:17:20","slug":"communique-de-presse-mission-de-suivi-et-devaluation-projet-pager-ii","status":"publish","type":"post","link":"https:\/\/ambrabat.esteri.it\/fr\/news\/dall_ambasciata\/2024\/03\/communique-de-presse-mission-de-suivi-et-devaluation-projet-pager-ii\/","title":{"rendered":"COMMUNIQUE DE PRESSE: mission de suivi et d&rsquo;\u00e9valuation projet PAGER II"},"content":{"rendered":"<p><strong>COMMUNIQUE DE PRESSE<\/strong><\/p>\n<p><strong><em>Rabat, 14 mars 24 &#8211; Dans le cadre des activit\u00e9s du Projet d&rsquo;am\u00e9lioration de l&rsquo;acc\u00e8s aux ressources en eau et \u00e0 l&rsquo;assainissement dans les zones rurales de la Province de Settat et Berrechid &#8211; PAGER II, une mission de suivi et d&rsquo;\u00e9valuation finale est en cours concernant les travaux financ\u00e9s par la Coop\u00e9ration Italienne et mis en \u0153uvre par le Minist\u00e8re marocain de l\u2019Equipement et de l&rsquo;Eau. <\/em><\/strong><\/p>\n<p>Le projet s&rsquo;inscrit dans le cadre du Programme National d&rsquo;Approvisionnement en Eau Potable et d&rsquo;Irrigation (PNAEPI) 2020-2027, qui vise \u00e0 acc\u00e9l\u00e9rer les investissements dans le secteur de l&rsquo;eau afin d&rsquo;augmenter l&rsquo;approvisionnement en eau potable et d&rsquo;irrigation et de rendre le Maroc plus r\u00e9silient face aux risques et aux perturbations climatiques. \u00ab\u00a0L&rsquo;Italie a toujours \u00e9t\u00e9 aux c\u00f4t\u00e9s des autorit\u00e9s locales pour am\u00e9liorer l&rsquo;approvisionnement en eau potable dans les zones rurales\u00a0\u00bb, a d\u00e9clar\u00e9 Son Excellence l&rsquo;Ambassadeur d&rsquo;Italie \u00e0 Rabat, Armando Barucco. \u00ab\u00a0Ce projet symbolise notre engagement commun en faveur d&rsquo;un avenir o\u00f9 chaque communaut\u00e9 a acc\u00e8s aux ressources dont elle a besoin pour prosp\u00e9rer, d\u00e9montrant ainsi la force et l&rsquo;efficacit\u00e9 de notre coop\u00e9ration pour le bien-\u00eatre de tous\u00a0\u00bb.<\/p>\n<p>Selon Andrea Senatori, directeur du si\u00e8ge r\u00e9gional de l&rsquo;Agence italienne pour la coop\u00e9ration au d\u00e9veloppement (AICS) \u00e0 Tunis, qui couvre le Maroc, la Tunisie, la Libye et l&rsquo;Alg\u00e9rie, l&rsquo;action de la coop\u00e9ration italienne s&rsquo;est intensifi\u00e9e au fil du temps en faveur du secteur de l&rsquo;eau, intervenant en particulier dans les zones o\u00f9 les difficult\u00e9s d&rsquo;acc\u00e8s \u00e0 l&rsquo;eau sont les plus grandes. Le PAGER II se concentre sur les provinces de Settat et de Berrechid, particuli\u00e8rement importantes pour l&rsquo;Italie car ce sont les r\u00e9gions d&rsquo;origine de nombreux migrants marocains et transnationaux. Gr\u00e2ce au financement italien, d&rsquo;un montant total de 4,5 millions euros, nous sommes en train d\u2019achever la construction de trois ch\u00e2teaux d&rsquo;eau, dont un extr\u00eamement important puisqu&rsquo;il remplacera celui qui a \u00e9t\u00e9 gravement endommag\u00e9 lors du tremblement de terre qui a frapp\u00e9 le Maroc en septembre dernier.<\/p>\n<p>Dans le cadre des activit\u00e9s du projet visant \u00e0 renforcer les infrastructures sanitaires, 143 \u00e9coles et 30 dispensaires ont \u00e9t\u00e9 raccord\u00e9s au r\u00e9seau d&rsquo;approvisionnement en eau potable et 13 ch\u00e2teaux d&rsquo;eau ont \u00e9t\u00e9 construits. En outre, des syst\u00e8mes autonomes d&rsquo;approvisionnement et de distribution d&rsquo;eau ont \u00e9t\u00e9 mis en place dans les centres ruraux enclav\u00e9s de M&rsquo;Garto et d&rsquo;Ouled Mhamed. Le projet a \u00e9galement permis d&rsquo;organiser des activit\u00e9s d&rsquo;animation et de sensibilisation \u00e0 l\u2019attention des \u00e9l\u00e8ves, du personnel enseignant, des parents et des autres utilisateurs \u00e0 une utilisation correcte et responsable de la ressource.<\/p>\n<p>Le travail de l&rsquo;ing\u00e9nieur Fabrizio Papetti, s\u00e9lectionn\u00e9 par l&rsquo;AICS pour r\u00e9aliser les activit\u00e9s de suivi et d&rsquo;\u00e9valuation, durera jusqu&rsquo;\u00e0 la fin de l&rsquo;ann\u00e9e. \u00ab\u00a0Le Maroc fait partie des pays \u00e0 fort stress hydrique et, dans le contexte actuel de rar\u00e9faction de la ressource en eau, le projet PAGER II contribue \u00e0 assurer la s\u00e9curit\u00e9 hydrique du pays, aussi bien \u00e0 court terme qu&rsquo;\u00e0 long terme, et \u00e0 am\u00e9liorer l&rsquo;acc\u00e8s aux infrastructures d&rsquo;assainissement. C\u2019est pour cette raison, et afin d&rsquo;assurer une assistance technique utile au partenaire marocain dans la phase finale du projet, que la mission a \u00e9t\u00e9 aussi rapidement planifi\u00e9e. Les derni\u00e8res interventions pr\u00e9voient la mise en place de r\u00e9seaux d&rsquo;eau fonctionnant \u00e0 l&rsquo;\u00e9nergie solaire et d\u00e9montrent que l&rsquo;attention port\u00e9e aux questions de durabilit\u00e9 et la volont\u00e9 d&rsquo;am\u00e9lioration sont toujours le signe avant-coureur de solutions nouvelles et plus avantageuses, y compris pendant la p\u00e9riode de r\u00e9alisation. Nous esp\u00e9rons que l&rsquo;ach\u00e8vement des travaux et la c\u00e9r\u00e9monie de cl\u00f4ture du projet final pourront avoir lieu d&rsquo;ici la fin de l&rsquo;ann\u00e9e 2024\u00a0\u00bb.<\/p>\n<p>L&rsquo;ing\u00e9nieur Badre Mechti, Chef du Service d&rsquo;approvisionnement en eau potable du minist\u00e8re des Equipements et de l&rsquo;Eau, est tr\u00e8s satisfait : \u00ab\u00a0le projet est dans sa phase finale et, gr\u00e2ce \u00e0 un esprit de forte coop\u00e9ration avec notre partenaire italien, nous avons r\u00e9ussi \u00e0 mener \u00e0 bien toutes les activit\u00e9s pr\u00e9vues. Cette exp\u00e9rience a \u00e9t\u00e9 tr\u00e8s positive et a contribu\u00e9 \u00e0 l&rsquo;am\u00e9lioration des conditions de vie de la population rurale de la province de Settat et de Berrechid, et en tant que Minist\u00e8re, nous esp\u00e9rons pouvoir la reproduire \u00e0 l&rsquo;avenir\u00a0\u00bb.<\/p>\n<p>Les missions de suivi et d&rsquo;\u00e9valuation sont cruciales pour l\u2019AICS afin de garantir l&rsquo;efficacit\u00e9 et la durabilit\u00e9 des initiatives de d\u00e9veloppement. Ces activit\u00e9s permettent non seulement de mesurer l&rsquo;impact r\u00e9el des projets sur le terrain, mais aussi de renforcer les strat\u00e9gies futures et d&rsquo;\u00e9tablir des partenariats solides, en veillant \u00e0 ce que chaque intervention soit motiv\u00e9e par un engagement permanent en faveur de l&rsquo;am\u00e9lioration des conditions de vie des communaut\u00e9s desservies.<\/p>\n<p>&nbsp;<\/p>\n<p><strong>Pour plus d&rsquo;informations sur le projet, veuillez contacter :<\/strong><\/p>\n<p>Gessica Ferrero \u2013 R\u00e9f\u00e9rente des programmes de coop\u00e9ration au Maroc<\/p>\n<p>Email\u00a0: <a href=\"mailto:gessica.ferrero@aics.gov.it\">gessica.ferrero@aics.gov.it<\/a><\/p>\n<p><strong>Contact presse :<\/strong><\/p>\n<p>Marion Piccio \u2013 Experte en communication<\/p>\n<p>Email\u00a0: <a href=\"mailto:marion.piccio@aics.gov.it\">marion.piccio@aics.gov.it<\/a><\/p>\n<p><strong>Suivez le bureau r\u00e9gional de l&rsquo;AICS Tunis sur les r\u00e9seaux sociaux :<\/strong><\/p>\n","protected":false},"excerpt":{"rendered":"COMMUNIQUE DE PRESSE Rabat, 14 mars 24 &#8211; Dans le cadre des activit\u00e9s du Projet d&rsquo;am\u00e9lioration de l&rsquo;acc\u00e8s aux ressources en eau et \u00e0 l&rsquo;assainissement dans les zones rurales de la Province de Settat et Berrechid &#8211; PAGER II, une mission de suivi et d&rsquo;\u00e9valuation finale est en cours concernant les travaux financ\u00e9s par la [&hellip;]","protected":false},"author":8,"featured_media":0,"comment_status":"closed","ping_status":"closed","sticky":false,"template":"","format":"standard","meta":{"footnotes":""},"tags":[],"class_list":["post-1835","post","type-post","status-publish","format-standard","hentry"],"_links":{"self":[{"href":"https:\/\/ambrabat.esteri.it\/fr\/wp-json\/wp\/v2\/posts\/1835","targetHints":{"allow":["GET"]}}],"collection":[{"href":"https:\/\/ambrabat.esteri.it\/fr\/wp-json\/wp\/v2\/posts"}],"about":[{"href":"https:\/\/ambrabat.esteri.it\/fr\/wp-json\/wp\/v2\/types\/post"}],"author":[{"embeddable":true,"href":"https:\/\/ambrabat.esteri.it\/fr\/wp-json\/wp\/v2\/users\/8"}],"replies":[{"embeddable":true,"href":"https:\/\/ambrabat.esteri.it\/fr\/wp-json\/wp\/v2\/comments?post=1835"}],"version-history":[{"count":1,"href":"https:\/\/ambrabat.esteri.it\/fr\/wp-json\/wp\/v2\/posts\/1835\/revisions"}],"predecessor-version":[{"id":1838,"href":"https:\/\/ambrabat.esteri.it\/fr\/wp-json\/wp\/v2\/posts\/1835\/revisions\/1838"}],"wp:attachment":[{"href":"https:\/\/ambrabat.esteri.it\/fr\/wp-json\/wp\/v2\/media?parent=1835"}],"wp:term":[{"taxonomy":"post_tag","embeddable":true,"href":"https:\/\/ambrabat.esteri.it\/fr\/wp-json\/wp\/v2\/tags?post=1835"}],"curies":[{"name":"wp","href":"https:\/\/api.w.org\/{rel}","templated":true}]}}