{"id":2862,"date":"2025-10-23T17:13:59","date_gmt":"2025-10-23T16:13:59","guid":{"rendered":"https:\/\/ambrabat.esteri.it\/?p=2862"},"modified":"2025-10-23T17:13:59","modified_gmt":"2025-10-23T16:13:59","slug":"communique-de-presse-lambassade-ditalie-a-rabat-celebre-a-fes-le-bicentenaire-des-relations-diplomatiques-entre-litalie-et-le-maroc-et-reaffirme-la-convergence-de-leurs-vi","status":"publish","type":"post","link":"https:\/\/ambrabat.esteri.it\/fr\/news\/dall_ambasciata\/2025\/10\/communique-de-presse-lambassade-ditalie-a-rabat-celebre-a-fes-le-bicentenaire-des-relations-diplomatiques-entre-litalie-et-le-maroc-et-reaffirme-la-convergence-de-leurs-vi\/","title":{"rendered":"COMMUNIQU\u00c9 DE PRESSE &#8211; L\u2019Ambassade d\u2019Italie \u00e0 Rabat c\u00e9l\u00e8bre \u00e0 F\u00e8s le Bicentenaire des relations diplomatiques entre l\u2019Italie et le Maroc et r\u00e9affirme la convergence de leurs visions pour la M\u00e9diterran\u00e9e et l\u2019Afrique"},"content":{"rendered":"<p><em>F\u00e8s, le 23 octobre 2025 \u2014<\/em><\/p>\n<p><em>\u00a0<\/em><\/p>\n<p>\u00c0 l\u2019occasion du 200\u1d49 anniversaire de l\u2019\u00e9tablissement des relations diplomatiques entre l\u2019Italie et le Maroc (1825\u20132025), S.E. Pasquale Salzano, Ambassadeur d\u2019Italie au Maroc, a prononc\u00e9 \u00e0 F\u00e8s une Lectio Magistralis intitul\u00e9e \u00ab L\u2019aube des relations italo-marocaines \u00bb, sous le patronage de l\u2019Ambassade d\u2019Italie \u00e0 Rabat, dans le cadre d\u2019un programme culturel organis\u00e9 en collaboration avec la Fondation Ducci et l\u2019Association F\u00e8s Sa\u00efss.<\/p>\n<p>&nbsp;<\/p>\n<p>L\u2019Ambassadeur a soulign\u00e9 que, depuis deux si\u00e8cles, l\u2019Italie et le Maroc entretiennent une relation fond\u00e9e sur la confiance, la dignit\u00e9 et le respect mutuel, et qu\u2019elles partagent aujourd\u2019hui une responsabilit\u00e9 commune dans la promotion d\u2019une M\u00e9diterran\u00e9e de stabilit\u00e9, de dialogue et de co-d\u00e9veloppement.<\/p>\n<p>Il a rappel\u00e9 que la prosp\u00e9rit\u00e9 durable repose sur la connaissance, la confiance et la coop\u00e9ration entre les deux rives, et que l\u2019histoire commune entre Rome et Rabat constitue un fondement solide pour affronter ensemble les d\u00e9fis de l\u2019avenir.<\/p>\n<p>&nbsp;<\/p>\n<p>En saluant la vision \u00e9clair\u00e9e de Sa Majest\u00e9 le Roi Mohammed VI, S.E. Pasquale Salzano a mis en avant le r\u00f4le du Royaume en tant que facteur de stabilit\u00e9, de progr\u00e8s et de r\u00e9forme dans la r\u00e9gion, et partenaire strat\u00e9gique pour la construction d\u2019un nouvel \u00e9quilibre euro-m\u00e9diterran\u00e9en et africain.<\/p>\n<p>Il a soulign\u00e9 que cette approche correspond pleinement \u00e0 la vocation m\u00e9diterran\u00e9enne de l\u2019Italie, qui reconna\u00eet dans le Maroc un acteur cl\u00e9 et une puissance de r\u00e9f\u00e9rence pour la paix, la croissance et le co-d\u00e9veloppement entre les deux continents.<\/p>\n<p>&nbsp;<\/p>\n<p>L\u2019Ambassadeur a \u00e9galement affirm\u00e9 que la culture, la connaissance et la formation constituent les instruments d\u2019une diplomatie moderne, capables d\u2019unir les peuples et d\u2019inspirer un mod\u00e8le de coop\u00e9ration fond\u00e9 sur la coresponsabilit\u00e9 et la confiance mutuelle.<\/p>\n<p>\u00c0 travers cette c\u00e9l\u00e9bration du Bicentenaire, l\u2019Italie a r\u00e9affirm\u00e9 sa volont\u00e9 de travailler aux c\u00f4t\u00e9s du Maroc pour promouvoir la stabilit\u00e9, la prosp\u00e9rit\u00e9 partag\u00e9e et une M\u00e9diterran\u00e9e ouverte, inclusive et tourn\u00e9e vers l\u2019Afrique.<\/p>\n<p>&nbsp;<\/p>\n<p>La Lectio Magistralis, tenue \u00e0 F\u00e8s, capitale du savoir et de la spiritualit\u00e9, a mis en lumi\u00e8re la continuit\u00e9 et la vitalit\u00e9 d\u2019une relation historique qui, deux si\u00e8cles apr\u00e8s le Trait\u00e9 d\u2019amiti\u00e9 et de commerce de 1825, se projette avec confiance dans l\u2019avenir.<\/p>\n<p>Deux si\u00e8cles apr\u00e8s ce Trait\u00e9, l\u2019Italie et le Maroc regardent ensemble vers l\u2019avenir, unies par la conviction que la stabilit\u00e9, la dignit\u00e9 et le dialogue sont les fondements d\u2019un ordre m\u00e9diterran\u00e9en de paix et de prosp\u00e9rit\u00e9.<\/p>\n","protected":false},"excerpt":{"rendered":"F\u00e8s, le 23 octobre 2025 \u2014 \u00a0 \u00c0 l\u2019occasion du 200\u1d49 anniversaire de l\u2019\u00e9tablissement des relations diplomatiques entre l\u2019Italie et le Maroc (1825\u20132025), S.E. Pasquale Salzano, Ambassadeur d\u2019Italie au Maroc, a prononc\u00e9 \u00e0 F\u00e8s une Lectio Magistralis intitul\u00e9e \u00ab L\u2019aube des relations italo-marocaines \u00bb, sous le patronage de l\u2019Ambassade d\u2019Italie \u00e0 Rabat, dans le cadre [&hellip;]","protected":false},"author":4,"featured_media":0,"comment_status":"closed","ping_status":"closed","sticky":false,"template":"","format":"standard","meta":{"footnotes":""},"tags":[],"class_list":["post-2862","post","type-post","status-publish","format-standard","hentry"],"_links":{"self":[{"href":"https:\/\/ambrabat.esteri.it\/fr\/wp-json\/wp\/v2\/posts\/2862","targetHints":{"allow":["GET"]}}],"collection":[{"href":"https:\/\/ambrabat.esteri.it\/fr\/wp-json\/wp\/v2\/posts"}],"about":[{"href":"https:\/\/ambrabat.esteri.it\/fr\/wp-json\/wp\/v2\/types\/post"}],"author":[{"embeddable":true,"href":"https:\/\/ambrabat.esteri.it\/fr\/wp-json\/wp\/v2\/users\/4"}],"replies":[{"embeddable":true,"href":"https:\/\/ambrabat.esteri.it\/fr\/wp-json\/wp\/v2\/comments?post=2862"}],"version-history":[{"count":1,"href":"https:\/\/ambrabat.esteri.it\/fr\/wp-json\/wp\/v2\/posts\/2862\/revisions"}],"predecessor-version":[{"id":2863,"href":"https:\/\/ambrabat.esteri.it\/fr\/wp-json\/wp\/v2\/posts\/2862\/revisions\/2863"}],"wp:attachment":[{"href":"https:\/\/ambrabat.esteri.it\/fr\/wp-json\/wp\/v2\/media?parent=2862"}],"wp:term":[{"taxonomy":"post_tag","embeddable":true,"href":"https:\/\/ambrabat.esteri.it\/fr\/wp-json\/wp\/v2\/tags?post=2862"}],"curies":[{"name":"wp","href":"https:\/\/api.w.org\/{rel}","templated":true}]}}