{"id":2893,"date":"2025-11-07T09:38:02","date_gmt":"2025-11-07T08:38:02","guid":{"rendered":"https:\/\/ambrabat.esteri.it\/?p=2893"},"modified":"2025-11-07T10:09:46","modified_gmt":"2025-11-07T09:09:46","slug":"communique-de-presse-2","status":"publish","type":"post","link":"https:\/\/ambrabat.esteri.it\/fr\/news\/dall_ambasciata\/2025\/11\/communique-de-presse-2\/","title":{"rendered":"COMMUNIQU\u00c9 DE PRESSE &#8211; La musique de Naples r\u00e9sonne \u00e0 Tanger \u2013 \u201cI Suoni di Partenope\u201d au Palais des Institutions Italiennes (Palais Moulay Hafid) \u00e0 Tanger"},"content":{"rendered":"<p><em>Tanger, le 7 novembre 2025<\/em><\/p>\n<p>&nbsp;<\/p>\n<p>Pour la premi\u00e8re fois, le Palais des Institutions Italiennes \u00e0 Tanger (Palais Moulay Hafid) ouvre ses portes \u00e0 un concert d\u2019exception organis\u00e9 par l\u2019Ambassade d\u2019Italie au Maroc et l\u2019Institut Culturel Italien de Rabat, en collaboration avec le CIDIM \u2013 Comit\u00e9 National Italien de la Musique.<\/p>\n<p>&nbsp;<\/p>\n<p>\u00c0 19h00, l\u2019Orchestre de chambre Accademia di Santa Sofia, accompagn\u00e9 du violoniste Riccardo Zamuner, pr\u00e9sentera le programme \u201cI Suoni di Partenope\u201d, un voyage musical qui c\u00e9l\u00e8bre les 2 500 ans de la fondation de Naples et la vitalit\u00e9 d\u2019une tradition qui continue d\u2019inspirer la M\u00e9diterran\u00e9e et le monde.<\/p>\n<p>&nbsp;<\/p>\n<p>Le r\u00e9pertoire, consacr\u00e9 aux grands ma\u00eetres du classicisme napolitain, comprend des \u0153uvres de Giovanni Battista Pergolesi, Alessandro Scarlatti, Francesco Durante et Giovanni Paisiello, figures qui ont marqu\u00e9 l\u2019histoire musicale europ\u00e9enne du XVIIIe si\u00e8cle. L\u2019Accademia di Santa Sofia, formation d\u2019excellence du panorama musical italien, se distingue par l\u2019\u00e9quilibre entre rigueur interpr\u00e9tative et sensibilit\u00e9 contemporaine, sous la direction artistique du violoniste Riccardo Zamuner, soliste reconnu sur les sc\u00e8nes italiennes et internationales.<\/p>\n<p>&nbsp;<\/p>\n<p>Ce concert marque une nouvelle \u00e9tape du dialogue culturel entre l\u2019Italie et le Maroc, en unissant les deux rives de la M\u00e9diterran\u00e9e \u00e0 travers le langage universel de la musique. Ce palais historique, \u00e9rig\u00e9 au d\u00e9but du XXe si\u00e8cle dans un raffin\u00e9 style mauresque, devient ainsi le cadre d\u2019une rencontre o\u00f9 se conjuguent histoire, art et amiti\u00e9.<\/p>\n<p>&nbsp;<\/p>\n<p>L\u2019initiative s\u2019inscrit dans le programme culturel promu par l\u2019Ambassade d\u2019Italie \u00e0 l\u2019occasion du Bicentenaire des relations diplomatiques entre l\u2019Italie et le Maroc (1825\u20132025), qui pr\u00e9voit un riche calendrier d\u2019\u00e9v\u00e9nements consacr\u00e9s \u00e0 l\u2019art, \u00e0 la musique, au cin\u00e9ma et \u00e0 la litt\u00e9rature, symbole d\u2019une coop\u00e9ration toujours plus vivante et partag\u00e9e.<\/p>\n","protected":false},"excerpt":{"rendered":"Tanger, le 7 novembre 2025 &nbsp; Pour la premi\u00e8re fois, le Palais des Institutions Italiennes \u00e0 Tanger (Palais Moulay Hafid) ouvre ses portes \u00e0 un concert d\u2019exception organis\u00e9 par l\u2019Ambassade d\u2019Italie au Maroc et l\u2019Institut Culturel Italien de Rabat, en collaboration avec le CIDIM \u2013 Comit\u00e9 National Italien de la Musique. &nbsp; \u00c0 19h00, l\u2019Orchestre [&hellip;]","protected":false},"author":4,"featured_media":0,"comment_status":"closed","ping_status":"closed","sticky":false,"template":"","format":"standard","meta":{"footnotes":""},"tags":[],"class_list":["post-2893","post","type-post","status-publish","format-standard","hentry"],"_links":{"self":[{"href":"https:\/\/ambrabat.esteri.it\/fr\/wp-json\/wp\/v2\/posts\/2893","targetHints":{"allow":["GET"]}}],"collection":[{"href":"https:\/\/ambrabat.esteri.it\/fr\/wp-json\/wp\/v2\/posts"}],"about":[{"href":"https:\/\/ambrabat.esteri.it\/fr\/wp-json\/wp\/v2\/types\/post"}],"author":[{"embeddable":true,"href":"https:\/\/ambrabat.esteri.it\/fr\/wp-json\/wp\/v2\/users\/4"}],"replies":[{"embeddable":true,"href":"https:\/\/ambrabat.esteri.it\/fr\/wp-json\/wp\/v2\/comments?post=2893"}],"version-history":[{"count":6,"href":"https:\/\/ambrabat.esteri.it\/fr\/wp-json\/wp\/v2\/posts\/2893\/revisions"}],"predecessor-version":[{"id":2929,"href":"https:\/\/ambrabat.esteri.it\/fr\/wp-json\/wp\/v2\/posts\/2893\/revisions\/2929"}],"wp:attachment":[{"href":"https:\/\/ambrabat.esteri.it\/fr\/wp-json\/wp\/v2\/media?parent=2893"}],"wp:term":[{"taxonomy":"post_tag","embeddable":true,"href":"https:\/\/ambrabat.esteri.it\/fr\/wp-json\/wp\/v2\/tags?post=2893"}],"curies":[{"name":"wp","href":"https:\/\/api.w.org\/{rel}","templated":true}]}}