{"id":2950,"date":"2025-11-25T12:27:00","date_gmt":"2025-11-25T11:27:00","guid":{"rendered":"https:\/\/ambrabat.esteri.it\/?p=2950"},"modified":"2025-11-25T12:27:00","modified_gmt":"2025-11-25T11:27:00","slug":"communique-de-presse-journee-internationale-pour-lelimination-de-la-violence-contre-les-femmes","status":"publish","type":"post","link":"https:\/\/ambrabat.esteri.it\/fr\/news\/dall_ambasciata\/2025\/11\/communique-de-presse-journee-internationale-pour-lelimination-de-la-violence-contre-les-femmes\/","title":{"rendered":"COMMUNIQU\u00c9 DE PRESSE \u2013 Journ\u00e9e Internationale pour l\u2019\u00e9limination de la violence contre les femmes"},"content":{"rendered":"<p>En occasion de la Journ\u00e9e Internationale pour l\u2019\u00e9limination de la violence contre les femmes, le Ministre des Affaires \u00e9trangers et de la Coop\u00e9ration Internationale, Antonio Tajani, r\u00e9affirme l\u2019engagement constante de l\u2019Italie e de la Farnesina pour pr\u00e9venir et contraster chaque forme de violence et discrimination contre les femmes, en Italie et dans le monde.<\/p>\n<p>\u00ab\u00a0La violence contre les femmes est une violation inacceptable des droits humains et un obstacle au d\u00e9veloppement de nos soci\u00e9t\u00e9s. L\u2019Italie doit continuer \u00e0 \u00eatre en premi\u00e8re ligne pour promouvoir l\u2019\u00e9galit\u00e9 des genres, l\u2019\u00e9mancipation des femmes et la protection des gens les plus vuln\u00e9rables. Nous devons construire un avenir dans lequel aucune femme n\u2019a peur pour sa libert\u00e9 ou sa vie. C\u2019est une responsabilit\u00e9 qui concerne les institutions, la soci\u00e9t\u00e9 civile et chacun de nous\u00a0\u00bb, a d\u00e9clar\u00e9 le Ministre.<\/p>\n<p>L\u2019\u00e9limination de la violence de genre reste un pilier de la politique ext\u00e9rieure et de la coop\u00e9ration au d\u00e9veloppement italiennes, en soutenant des campagnes internationales contre des pratiques nocives comme les mutilations g\u00e9nitales f\u00e9minines et les mariages pr\u00e9coces et forc\u00e9s, en contribuant activement au travaux de la Commission ONU sur la Condition F\u00e9minine. L\u2019opposition \u00e0 chaque forme de violence \u00e0 l\u2019\u00e9gard de femmes et des jeunes filles c\u2019est \u00e9galement l\u2019une des priorit\u00e9s du mandat de l\u2019Italie en tant que membre du Conseil des Droits de l\u2019Homme des Nations Unies pour la p\u00e9riode triennale 2026-2028.<\/p>\n<p>Cette ann\u00e9e aussi le Minist\u00e8re et le r\u00e9seau ext\u00e9rieur italien adh\u00e8rent \u00e0 la campagne globale \u00ab\u00a0Orange the World\u00a0\u00bb promue par UN Women, avec l\u2019illumination de la fa\u00e7ade de la Farnesina et participant \u00e0 des initiatives de sensibilisation adress\u00e9es \u00e0 la soci\u00e9t\u00e9 civile et aux jeunes.<\/p>\n<p>La Farnesina et le r\u00e9seau diplomatique-consulaire italien renouvellent \u00e9galement leur soutien \u00e0 l\u2019initiative des \u00ab\u00a0bancs rouges\u00a0\u00bb, symbole universel de la lutte contre le f\u00e9minicide et rappel visible contre toute forme de violence.<\/p>\n<p>Continue aussi la promotion de parcours \u00e9ducatifs incluant une formation \u00e0 l\u2019opposition \u00e0 la violence, comme exemplifi\u00e9 par le programme de bourses d\u2019\u00e9tudes lanc\u00e9 en m\u00e9moire de Giulia Cecchettin \u00ab\u00a0Invest Your Talent in Italy\u00a0\u00bb.<\/p>\n<p>Finalement, dans le contexte de l\u2019Agenda \u00ab\u00a0Femmes, Paix et S\u00e9curit\u00e9\u00a0\u00bb, l\u2019Italie promeut des initiatives pour favoriser la participation des femmes dans les processus de pr\u00e9vention des conflits, m\u00e9diation et construction de la paix, \u00e0 travers le Plan d\u2019Action National et le R\u00e9seau des Femmes M\u00e9diatrices de la M\u00e9diterran\u00e9e, promu par notre Pays.<\/p>\n","protected":false},"excerpt":{"rendered":"En occasion de la Journ\u00e9e Internationale pour l\u2019\u00e9limination de la violence contre les femmes, le Ministre des Affaires \u00e9trangers et de la Coop\u00e9ration Internationale, Antonio Tajani, r\u00e9affirme l\u2019engagement constante de l\u2019Italie e de la Farnesina pour pr\u00e9venir et contraster chaque forme de violence et discrimination contre les femmes, en Italie et dans le monde. \u00ab\u00a0La [&hellip;]","protected":false},"author":4,"featured_media":0,"comment_status":"closed","ping_status":"closed","sticky":false,"template":"","format":"standard","meta":{"footnotes":""},"tags":[],"class_list":["post-2950","post","type-post","status-publish","format-standard","hentry"],"_links":{"self":[{"href":"https:\/\/ambrabat.esteri.it\/fr\/wp-json\/wp\/v2\/posts\/2950","targetHints":{"allow":["GET"]}}],"collection":[{"href":"https:\/\/ambrabat.esteri.it\/fr\/wp-json\/wp\/v2\/posts"}],"about":[{"href":"https:\/\/ambrabat.esteri.it\/fr\/wp-json\/wp\/v2\/types\/post"}],"author":[{"embeddable":true,"href":"https:\/\/ambrabat.esteri.it\/fr\/wp-json\/wp\/v2\/users\/4"}],"replies":[{"embeddable":true,"href":"https:\/\/ambrabat.esteri.it\/fr\/wp-json\/wp\/v2\/comments?post=2950"}],"version-history":[{"count":1,"href":"https:\/\/ambrabat.esteri.it\/fr\/wp-json\/wp\/v2\/posts\/2950\/revisions"}],"predecessor-version":[{"id":2952,"href":"https:\/\/ambrabat.esteri.it\/fr\/wp-json\/wp\/v2\/posts\/2950\/revisions\/2952"}],"wp:attachment":[{"href":"https:\/\/ambrabat.esteri.it\/fr\/wp-json\/wp\/v2\/media?parent=2950"}],"wp:term":[{"taxonomy":"post_tag","embeddable":true,"href":"https:\/\/ambrabat.esteri.it\/fr\/wp-json\/wp\/v2\/tags?post=2950"}],"curies":[{"name":"wp","href":"https:\/\/api.w.org\/{rel}","templated":true}]}}