{"id":2967,"date":"2025-12-05T10:57:06","date_gmt":"2025-12-05T09:57:06","guid":{"rendered":"https:\/\/ambrabat.esteri.it\/?p=2967"},"modified":"2025-12-05T15:41:13","modified_gmt":"2025-12-05T14:41:13","slug":"communique-de-presse-celebrations-des-2500-ans-de-la-fondation-de-naples-exposition-art-du-volcan","status":"publish","type":"post","link":"https:\/\/ambrabat.esteri.it\/fr\/news\/dall_ambasciata\/2025\/12\/communique-de-presse-celebrations-des-2500-ans-de-la-fondation-de-naples-exposition-art-du-volcan\/","title":{"rendered":"COMMUNIQU\u00c9 DE PRESSE \u2013 C\u00e9l\u00e9brations des 2500 ans de la fondation de Naples \u2013 Exposition \u00ab\u00a0Art du Volcan\u00a0\u00bb"},"content":{"rendered":"<p>\u00c0 l\u2019occasion des <strong>2500 ans de la fondation de Naples<\/strong>, l\u2019Ambassade d\u2019Italie et l\u2019Institut Culturel Italien de Rabat, en collaboration avec la Direction G\u00e9n\u00e9rale pour la Diplomatie Publique et Culturelle du Minist\u00e8re des Affaires \u00c9trang\u00e8res et de la Coop\u00e9ration Internationale et sous l\u2019\u00e9gide du Comit\u00e9 National Neapolis 2500, pr\u00e9sentent l\u2019exposition \u00ab\u00a0<strong>Arte dal Vulcano<\/strong>\u00ab\u00a0, qui ouvrira ses portes le <strong>lundi 8 d\u00e9cembre 2025<\/strong> au <strong>Palais des Institutions Italiennes \u00e0 Tanger<\/strong> et restera ouverte au public jusqu\u2019au 11 janvier 2026.<\/p>\n<p>L\u2019exposition raconte la vitalit\u00e9 et la continuit\u00e9 de la tradition artistique napolitaine et campanienne, \u00e0 travers des \u0153uvres allant de l\u2019apr\u00e8s-guerre \u00e0 nos jours. Le titre \u00e9vocateur renvoie au V\u00e9suve comme symbole d\u2019\u00e9nergie, de cr\u00e9ativit\u00e9 et de capacit\u00e9 de r\u00e9g\u00e9n\u00e9ration, des caract\u00e9ristiques qui ont toujours marqu\u00e9 la production artistique de la ville de Naples.<\/p>\n<p>Le commissariat scientifique est assur\u00e9 par <strong>Angela Tecce<\/strong>, pr\u00e9sidente de la Fondation Donnaregina pour les Arts contemporains \u0335 Mus\u00e9e Madre, et <strong>Claudia Borrelli<\/strong>, responsable de la collection du Mus\u00e9e Novecento \u00e0 Naples au Castel Sant\u2019Elmo, qui ont con\u00e7u un parcours capable de valoriser la pluralit\u00e9 des langages et des visions du territoire campanien, offrant au public international un regard actualis\u00e9 sur la sc\u00e8ne artistique napolitaine.<\/p>\n<p>Le parcours pr\u00e9sente <strong>29 \u0153uvres \u2013 peintures, sculptures, photographies et installations<\/strong>, issues des collections publiques napolitaines du <strong>Madre \u2013 Mus\u00e9e d\u2019Art Contemporain Donnaregina<\/strong> et du <strong>Mus\u00e9e Novecento \u00e0 Naples au Castel Sant\u2019Elmo<\/strong>, sign\u00e9es par certains des artistes contemporains les plus repr\u00e9sentatifs : Marisa Albanese, Carlo Alfano, Antonio Biasiucci, Paolo Bini, Tomaso Binga, Diego Cibelli, Alessandra Cianelli, Francesco Clemente, Giulio Delv\u00e8, Maria Adele Del Vecchio, Sergio Fermariello, Eugenio Giliberti, Mimmo Jodice, Nino Longobardi, Luigi Mainolfi, Domenico Antonio Mancini, Giuseppe Maraniello, Raffaela Mariniello, Umberto Manzo, Raffaela Naldi Rossano, Mimmo Paladino, Giulia Piscitelli, Paolo Puddu, Luciano Romano, Rosy Rox, Marinella Senatore, Lorenzo Scotto di Luzio et Ernesto Tatafiore.<\/p>\n<p>L\u2019inauguration sera accompagn\u00e9e d\u2019un moment musical m\u00ealant art et tradition : la voix de <strong>Emilia Zamuner<\/strong> et la guitare de <strong>Alessandro Morlando<\/strong> interpr\u00e9teront des pi\u00e8ces du r\u00e9pertoire classique napolitain, gr\u00e2ce \u00e0 la collaboration avec le <strong>CIDIM \u2013 Comit\u00e9 National Italien de la Musique<\/strong> et le soutien du <strong>Minist\u00e8re de la Culture<\/strong>.<\/p>\n<p>L\u2019exposition s\u2019inscrit dans le cadre symbolique du <strong>Bicentenaire des relations diplomatiques entre l\u2019Italie et le Maroc<\/strong>, renfor\u00e7ant le lien culturel profond entre les deux pays. \u00ab\u00a0Arte dal Vulcano\u00a0\u00bb constitue ainsi une importante occasion de diplomatie culturelle, promouvant \u00e0 l\u2019\u00e9tranger la connaissance du patrimoine cr\u00e9atif italien et des mus\u00e9es qui le pr\u00e9servent.<\/p>\n<p>Le choix du <strong>Palais des Institutions Italiennes \u00e0 Tanger<\/strong>, joyau de l\u2019architecture mauresque, conf\u00e8re \u00e0 l\u2019exposition une valeur symbolique particuli\u00e8re : un lieu de rencontre o\u00f9 la m\u00e9moire de Naples, avec son \u00e9nergie in\u00e9puisable, dialogue avec la vitalit\u00e9 cosmopolite de Tanger, ville t\u00e9moin de mille traditions et influences m\u00e9diterran\u00e9ennes.<\/p>\n<p>&nbsp;<\/p>\n<p><strong>S. E. M. Pasquale Salzano, Ambassadeur d\u2019Italie au Royaume du Maroc, affirme:\u00a0<\/strong><\/p>\n<p>\u00ab Avec \u00abArte dal Vulcano \u00bb , nous c\u00e9l\u00e9brons non seulement les 2500 ans de la fondation de Naples, mais aussi l\u2019extraordinaire vitalit\u00e9 de sa sc\u00e8ne artistique contemporaine, capable de se renouveler sans jamais perdre le lien avec des racines mill\u00e9naires. C\u2019est un hommage \u00e0 la cr\u00e9ativit\u00e9 italienne, n\u00e9e d\u2019une terre forte, intense et ouverte sur le monde. Pr\u00e9senter cette exposition \u00e0 Tanger, au c\u0153ur du Bicentenaire des relations diplomatiques entre l\u2019Italie et le Maroc, signifie mettre en valeur un dialogue culturel profond, fond\u00e9 sur une histoire partag\u00e9e, sur la M\u00e9diterran\u00e9e et sur une vision commune de l\u2019avenir\u201d.<\/p>\n<p>&nbsp;<\/p>\n<p><strong>Monsieur Michele di Bari, Pr\u00e9fet de Naples et Pr\u00e9sident du Comit\u00e9 National Neapolis 2500, d\u00e9clare:<\/strong><\/p>\n<p>\u00ab C\u2019est avec une grande fiert\u00e9 qu\u2019en collaboration avec le Minist\u00e8re des Affaires \u00e9trang\u00e8res et de la Coop\u00e9ration Internationale, nous faisons rayonner Naples \u00e0 travers le monde. Cette valeur r\u00e9side dans la cr\u00e9ativit\u00e9, l\u2019art et l\u2019imagination de celles et ceux qui vivent au quotidien dans une ville capable d\u2019inspirer beaut\u00e9, int\u00e9gration et solidarit\u00e9. Le symbole du volcan, \u00e9voqu\u00e9 dans cette exposition, symbolise l\u2019\u00e9nergie et le dynamisme qui ont toujours caract\u00e9ris\u00e9 les habitants de cette terre magique et unique. \u00bb<\/p>\n<p>&nbsp;<\/p>\n<p><strong>La Directrice Carmela Callea de l&rsquo;Institut Culturel Italien de Rabat d\u00e9clare:<\/strong><\/p>\n<p>\u00ab L&rsquo;Institut Culturel Italien de Rabat est particuli\u00e8rement heureux d&rsquo;accueillir cette exposition, dans le cadre des c\u00e9l\u00e9brations du 2 500e anniversaire de la fondation de Neapolis, consacr\u00e9e \u00e0 la cr\u00e9ation artistique contemporaine. Cette exposition t\u00e9moigne de la mani\u00e8re dont l&rsquo;art italien, tout en dialoguant avec sa tradition, continue d&rsquo;\u00e9voluer. Elle se veut un moment de r\u00e9flexion sur l&rsquo;art de Campanie et de Naples, dont l&rsquo;\u00e9nergie dynamique lui permet d&rsquo;interagir avec des formes artistiques qui transcendent les fronti\u00e8res g\u00e9ographiques et temporelles \u00bb.<\/p>\n","protected":false},"excerpt":{"rendered":"\u00c0 l\u2019occasion des 2500 ans de la fondation de Naples, l\u2019Ambassade d\u2019Italie et l\u2019Institut Culturel Italien de Rabat, en collaboration avec la Direction G\u00e9n\u00e9rale pour la Diplomatie Publique et Culturelle du Minist\u00e8re des Affaires \u00c9trang\u00e8res et de la Coop\u00e9ration Internationale et sous l\u2019\u00e9gide du Comit\u00e9 National Neapolis 2500, pr\u00e9sentent l\u2019exposition \u00ab\u00a0Arte dal Vulcano\u00ab\u00a0, qui ouvrira [&hellip;]","protected":false},"author":4,"featured_media":0,"comment_status":"closed","ping_status":"closed","sticky":false,"template":"","format":"standard","meta":{"footnotes":""},"tags":[],"class_list":["post-2967","post","type-post","status-publish","format-standard","hentry"],"_links":{"self":[{"href":"https:\/\/ambrabat.esteri.it\/fr\/wp-json\/wp\/v2\/posts\/2967","targetHints":{"allow":["GET"]}}],"collection":[{"href":"https:\/\/ambrabat.esteri.it\/fr\/wp-json\/wp\/v2\/posts"}],"about":[{"href":"https:\/\/ambrabat.esteri.it\/fr\/wp-json\/wp\/v2\/types\/post"}],"author":[{"embeddable":true,"href":"https:\/\/ambrabat.esteri.it\/fr\/wp-json\/wp\/v2\/users\/4"}],"replies":[{"embeddable":true,"href":"https:\/\/ambrabat.esteri.it\/fr\/wp-json\/wp\/v2\/comments?post=2967"}],"version-history":[{"count":2,"href":"https:\/\/ambrabat.esteri.it\/fr\/wp-json\/wp\/v2\/posts\/2967\/revisions"}],"predecessor-version":[{"id":2976,"href":"https:\/\/ambrabat.esteri.it\/fr\/wp-json\/wp\/v2\/posts\/2967\/revisions\/2976"}],"wp:attachment":[{"href":"https:\/\/ambrabat.esteri.it\/fr\/wp-json\/wp\/v2\/media?parent=2967"}],"wp:term":[{"taxonomy":"post_tag","embeddable":true,"href":"https:\/\/ambrabat.esteri.it\/fr\/wp-json\/wp\/v2\/tags?post=2967"}],"curies":[{"name":"wp","href":"https:\/\/api.w.org\/{rel}","templated":true}]}}