{"id":3089,"date":"2026-01-15T16:45:49","date_gmt":"2026-01-15T15:45:49","guid":{"rendered":"https:\/\/ambrabat.esteri.it\/news\/dall_ambasciata\/2026\/01\/referendum-costituzionale-confermativo-dei-giorni-22-e-23-marzo-2026\/"},"modified":"2026-01-20T17:22:51","modified_gmt":"2026-01-20T16:22:51","slug":"referendum-costituzionale-confermativo-dei-giorni-22-e-23-marzo-2026","status":"publish","type":"post","link":"https:\/\/ambrabat.esteri.it\/fr\/news\/dall_ambasciata\/2026\/01\/referendum-costituzionale-confermativo-dei-giorni-22-e-23-marzo-2026\/","title":{"rendered":"REFERENDUM CONSTITUTIONNEL CONFIRMATIF &#8211; 22 et 23 Mars 2026"},"content":{"rendered":"<p class=\"isSelectedEnd\">Par d\u00e9cret du Pr\u00e9sident de la R\u00e9publique du 13\/01\/2026, publi\u00e9 au Journal officiel du 14\/01\/2026, la date du r\u00e9f\u00e9rendum pr\u00e9vu \u00e0 l\u2019article 138 de la Constitution pour la modification de certains articles de la Constitution (dite \u00ab R\u00e9forme de la justice \u00bb) a \u00e9t\u00e9 fix\u00e9e aux <strong>22 et 23 MARS 2026<\/strong>.<\/p>\n<p class=\"isSelectedEnd\">Il est rappel\u00e9 que le <strong>VOTE<\/strong> est un <strong>DROIT<\/strong> garanti par la Constitution italienne et que, conform\u00e9ment \u00e0 la loi n\u00b0 459 du 27 d\u00e9cembre 2001, les citoyens italiens r\u00e9sidant ou s\u00e9journant temporairement \u00e0 l\u2019\u00e9tranger, inscrits sur les listes \u00e9lectorales, peuvent <strong>VOTER PAR CORRESPONDANCE<\/strong>, en recevant le mat\u00e9riel \u00e9lectoral \u00e0 leur adresse de r\u00e9sidence. \u00c0 cette fin, il est recommand\u00e9 de v\u00e9rifier et, le cas \u00e9ch\u00e9ant, de r\u00e9gulariser imm\u00e9diatement sa situation d\u2019\u00e9tat civil et d\u2019adresse aupr\u00e8s du bureau consulaire comp\u00e9tent (il est rappel\u00e9 que, conform\u00e9ment \u00e0 la loi, les plis \u00e9lectoraux doivent \u00eatre exp\u00e9di\u00e9s pr\u00e8s d\u2019un mois avant la date du vote en Italie), en utilisant de pr\u00e9f\u00e9rence le portail en ligne des services consulaires <a href=\"https:\/\/serviziconsolari.esteri.it\/\"><strong>Fast It<\/strong><\/a>.<\/p>\n<p class=\"isSelectedEnd\">En alternative au vote par correspondance, les \u00e9lecteurs inscrits \u00e0 l\u2019<strong>AIRE<\/strong> peuvent choisir de voter en Italie aupr\u00e8s de leur commune d\u2019inscription \u00e9lectorale, en communiquant par \u00e9crit leur choix (<strong>OPTION<\/strong>) \u00e0 la Chancellerie consulaire de l\u2019Ambassade d\u2019Italie \u00e0 Rabat dans les dix jours suivant la convocation de la consultation. Le choix (option) de voter en Italie n\u2019est valable que pour la consultation r\u00e9f\u00e9rendaire pour laquelle il est exprim\u00e9.<\/p>\n<p class=\"isSelectedEnd\">L\u2019<strong>OPTION<\/strong> doit parvenir \u00e0 la Chancellerie consulaire au plus tard dans les dix jours suivant la date de convocation de la consultation, soit <strong>AU PLUS TARD LE 24\/01\/2026<\/strong>.<\/p>\n<p class=\"isSelectedEnd\">Pour plus d\u2019informations,<a href=\"https:\/\/ambrabat.esteri.it\/wp-content\/uploads\/2026\/01\/Comunicato_stampa_voto_e_opzione_2026.pdf\"> <strong>cliquez ici<\/strong><\/a>.<\/p>\n<p>Pour exercer le droit d\u2019option, <a href=\"https:\/\/ambrabat.esteri.it\/wp-content\/uploads\/2026\/01\/Modulo_di_opzione_Referendum_2026.pdf\"><strong>cliquez ici<\/strong><\/a>.<\/p>\n<p>&nbsp;<\/p>\n<p>&nbsp;<\/p>\n","protected":false},"excerpt":{"rendered":"Par d\u00e9cret du Pr\u00e9sident de la R\u00e9publique du 13\/01\/2026, publi\u00e9 au Journal officiel du 14\/01\/2026, la date du r\u00e9f\u00e9rendum pr\u00e9vu \u00e0 l\u2019article 138 de la Constitution pour la modification de certains articles de la Constitution (dite \u00ab R\u00e9forme de la justice \u00bb) a \u00e9t\u00e9 fix\u00e9e aux 22 et 23 MARS 2026. Il est rappel\u00e9 que [&hellip;]","protected":false},"author":4,"featured_media":3097,"comment_status":"closed","ping_status":"closed","sticky":false,"template":"","format":"standard","meta":{"footnotes":""},"tags":[],"class_list":["post-3089","post","type-post","status-publish","format-standard","has-post-thumbnail","hentry"],"_links":{"self":[{"href":"https:\/\/ambrabat.esteri.it\/fr\/wp-json\/wp\/v2\/posts\/3089","targetHints":{"allow":["GET"]}}],"collection":[{"href":"https:\/\/ambrabat.esteri.it\/fr\/wp-json\/wp\/v2\/posts"}],"about":[{"href":"https:\/\/ambrabat.esteri.it\/fr\/wp-json\/wp\/v2\/types\/post"}],"author":[{"embeddable":true,"href":"https:\/\/ambrabat.esteri.it\/fr\/wp-json\/wp\/v2\/users\/4"}],"replies":[{"embeddable":true,"href":"https:\/\/ambrabat.esteri.it\/fr\/wp-json\/wp\/v2\/comments?post=3089"}],"version-history":[{"count":3,"href":"https:\/\/ambrabat.esteri.it\/fr\/wp-json\/wp\/v2\/posts\/3089\/revisions"}],"predecessor-version":[{"id":3094,"href":"https:\/\/ambrabat.esteri.it\/fr\/wp-json\/wp\/v2\/posts\/3089\/revisions\/3094"}],"wp:featuredmedia":[{"embeddable":true,"href":"https:\/\/ambrabat.esteri.it\/fr\/wp-json\/wp\/v2\/media\/3097"}],"wp:attachment":[{"href":"https:\/\/ambrabat.esteri.it\/fr\/wp-json\/wp\/v2\/media?parent=3089"}],"wp:term":[{"taxonomy":"post_tag","embeddable":true,"href":"https:\/\/ambrabat.esteri.it\/fr\/wp-json\/wp\/v2\/tags?post=3089"}],"curies":[{"name":"wp","href":"https:\/\/api.w.org\/{rel}","templated":true}]}}