{"id":3248,"date":"2026-03-06T16:15:37","date_gmt":"2026-03-06T15:15:37","guid":{"rendered":"https:\/\/ambrabat.esteri.it\/?p=3248"},"modified":"2026-03-06T16:17:52","modified_gmt":"2026-03-06T15:17:52","slug":"avis-de-sponsorisation-2026","status":"publish","type":"post","link":"https:\/\/ambrabat.esteri.it\/fr\/news\/dall_ambasciata\/2026\/03\/avis-de-sponsorisation-2026\/","title":{"rendered":"AVIS DE SPONSORISATION 2026"},"content":{"rendered":"<p>L\u2019Ambassade d\u2019Italie \u00e0 Rabat invite toutes les parties int\u00e9ress\u00e9es \u00e0 manifester leur int\u00e9r\u00eat pour soutenir, par le biais de parrainages, l\u2019organisation d\u2019\u00e9v\u00e9nements et d\u2019initiatives culturelles promus par l\u2019Ambassade d\u2019Italie \u00e0 Rabat, ainsi que la F\u00eate Nationale Italienne 2026.<\/p>\n<p>L\u2019avis de manifestation d\u2019int\u00e9r\u00eat et le cahier des charges sont disponibles en pi\u00e8ce jointe.<\/p>\n","protected":false},"excerpt":{"rendered":"L\u2019Ambassade d\u2019Italie \u00e0 Rabat invite toutes les parties int\u00e9ress\u00e9es \u00e0 manifester leur int\u00e9r\u00eat pour soutenir, par le biais de parrainages, l\u2019organisation d\u2019\u00e9v\u00e9nements et d\u2019initiatives culturelles promus par l\u2019Ambassade d\u2019Italie \u00e0 Rabat, ainsi que la F\u00eate Nationale Italienne 2026. L\u2019avis de manifestation d\u2019int\u00e9r\u00eat et le cahier des charges sont disponibles en pi\u00e8ce jointe.","protected":false},"author":4,"featured_media":0,"comment_status":"closed","ping_status":"closed","sticky":false,"template":"","format":"standard","meta":{"footnotes":""},"tags":[],"class_list":["post-3248","post","type-post","status-publish","format-standard","hentry"],"_links":{"self":[{"href":"https:\/\/ambrabat.esteri.it\/fr\/wp-json\/wp\/v2\/posts\/3248","targetHints":{"allow":["GET"]}}],"collection":[{"href":"https:\/\/ambrabat.esteri.it\/fr\/wp-json\/wp\/v2\/posts"}],"about":[{"href":"https:\/\/ambrabat.esteri.it\/fr\/wp-json\/wp\/v2\/types\/post"}],"author":[{"embeddable":true,"href":"https:\/\/ambrabat.esteri.it\/fr\/wp-json\/wp\/v2\/users\/4"}],"replies":[{"embeddable":true,"href":"https:\/\/ambrabat.esteri.it\/fr\/wp-json\/wp\/v2\/comments?post=3248"}],"version-history":[{"count":1,"href":"https:\/\/ambrabat.esteri.it\/fr\/wp-json\/wp\/v2\/posts\/3248\/revisions"}],"predecessor-version":[{"id":3251,"href":"https:\/\/ambrabat.esteri.it\/fr\/wp-json\/wp\/v2\/posts\/3248\/revisions\/3251"}],"wp:attachment":[{"href":"https:\/\/ambrabat.esteri.it\/fr\/wp-json\/wp\/v2\/media?parent=3248"}],"wp:term":[{"taxonomy":"post_tag","embeddable":true,"href":"https:\/\/ambrabat.esteri.it\/fr\/wp-json\/wp\/v2\/tags?post=3248"}],"curies":[{"name":"wp","href":"https:\/\/api.w.org\/{rel}","templated":true}]}}