{"id":3300,"date":"2026-03-16T16:51:57","date_gmt":"2026-03-16T15:51:57","guid":{"rendered":"https:\/\/ambrabat.esteri.it\/?p=3300"},"modified":"2026-03-16T18:35:52","modified_gmt":"2026-03-16T17:35:52","slug":"avis-public-pour-la-presentation-des-manifestations-dinteret-a-participer-a-une-procedure-negociee-pour-lattribution-des-travaux-de-renovation-des-installations-et-des-travaux-de-construction-inte","status":"publish","type":"post","link":"https:\/\/ambrabat.esteri.it\/fr\/news\/dall_ambasciata\/2026\/03\/avis-public-pour-la-presentation-des-manifestations-dinteret-a-participer-a-une-procedure-negociee-pour-lattribution-des-travaux-de-renovation-des-installations-et-des-travaux-de-construction-inte\/","title":{"rendered":"Avis public pour la pr\u00e9sentation des manifestations d&rsquo;int\u00e9r\u00eat \u00e0 participer \u00e0 une proc\u00e9dure n\u00e9goci\u00e9e pour l&rsquo;attribution des travaux de r\u00e9novation des installations et des travaux de construction int\u00e9rieurs de la r\u00e9sidence de l&rsquo;Ambassadeur d&rsquo;Italie au Royaume du Maroc"},"content":{"rendered":"<p>L&rsquo;Ambassade d&rsquo;Italie \u00e0 Rabat doit mener une \u00e9tude de march\u00e9 afin d&rsquo;identifier les op\u00e9rateurs \u00e9conomiques \u00e0 inviter \u00e0 la proc\u00e9dure n\u00e9goci\u00e9e ult\u00e9rieure, conform\u00e9ment \u00e0 l&rsquo;article 10, paragraphe 1, et \u00e0 l&rsquo;article 7, paragraphe 2, lettre b) du d\u00e9cret minist\u00e9riel 192\/2017 pour<strong> les travaux de r\u00e9novation des installations et les travaux de construction int\u00e9rieurs de la r\u00e9sidence de l&rsquo;ambassadeur d&rsquo;Italie au Royaume du Maroc.<\/strong><\/p>\n<p>Les op\u00e9rateurs \u00e9conomiques doivent faire parvenir leur manifestation d&rsquo;int\u00e9r\u00eat au plus tard le <strong>31<\/strong><br \/>\n<strong>mars 2026 \u00e0 16h00.<\/strong><\/p>\n<p>Vous trouverez ci-dessous l&rsquo;avis ainsi que les annexes.<\/p>\n<p><a href=\"https:\/\/ambrabat.esteri.it\/wp-content\/uploads\/2026\/03\/Avviso-Manifestazione-di-interesse.pdf\">Avis d\u2019appel \u00e0 manifestation d\u2019int\u00e9r\u00eat<\/a><\/p>\n<p><a href=\"https:\/\/ambrabat.esteri.it\/wp-content\/uploads\/2026\/03\/Annexe-A-Formulaire-de-candidature.pdf\">Annexe A Formulaire de candidature<\/a><\/p>\n","protected":false},"excerpt":{"rendered":"L&rsquo;Ambassade d&rsquo;Italie \u00e0 Rabat doit mener une \u00e9tude de march\u00e9 afin d&rsquo;identifier les op\u00e9rateurs \u00e9conomiques \u00e0 inviter \u00e0 la proc\u00e9dure n\u00e9goci\u00e9e ult\u00e9rieure, conform\u00e9ment \u00e0 l&rsquo;article 10, paragraphe 1, et \u00e0 l&rsquo;article 7, paragraphe 2, lettre b) du d\u00e9cret minist\u00e9riel 192\/2017 pour les travaux de r\u00e9novation des installations et les travaux de construction int\u00e9rieurs de la [&hellip;]","protected":false},"author":4,"featured_media":0,"comment_status":"closed","ping_status":"closed","sticky":false,"template":"","format":"standard","meta":{"footnotes":""},"tags":[],"class_list":["post-3300","post","type-post","status-publish","format-standard","hentry"],"_links":{"self":[{"href":"https:\/\/ambrabat.esteri.it\/fr\/wp-json\/wp\/v2\/posts\/3300","targetHints":{"allow":["GET"]}}],"collection":[{"href":"https:\/\/ambrabat.esteri.it\/fr\/wp-json\/wp\/v2\/posts"}],"about":[{"href":"https:\/\/ambrabat.esteri.it\/fr\/wp-json\/wp\/v2\/types\/post"}],"author":[{"embeddable":true,"href":"https:\/\/ambrabat.esteri.it\/fr\/wp-json\/wp\/v2\/users\/4"}],"replies":[{"embeddable":true,"href":"https:\/\/ambrabat.esteri.it\/fr\/wp-json\/wp\/v2\/comments?post=3300"}],"version-history":[{"count":2,"href":"https:\/\/ambrabat.esteri.it\/fr\/wp-json\/wp\/v2\/posts\/3300\/revisions"}],"predecessor-version":[{"id":3316,"href":"https:\/\/ambrabat.esteri.it\/fr\/wp-json\/wp\/v2\/posts\/3300\/revisions\/3316"}],"wp:attachment":[{"href":"https:\/\/ambrabat.esteri.it\/fr\/wp-json\/wp\/v2\/media?parent=3300"}],"wp:term":[{"taxonomy":"post_tag","embeddable":true,"href":"https:\/\/ambrabat.esteri.it\/fr\/wp-json\/wp\/v2\/tags?post=3300"}],"curies":[{"name":"wp","href":"https:\/\/api.w.org\/{rel}","templated":true}]}}