{"id":3409,"date":"2026-04-30T10:59:23","date_gmt":"2026-04-30T09:59:23","guid":{"rendered":"https:\/\/ambrabat.esteri.it\/?p=3409"},"modified":"2026-04-30T11:01:09","modified_gmt":"2026-04-30T10:01:09","slug":"communique-de-presse-litalie-au-siel-de-rabat-dans-lannee-de-rabat-capitale-mondiale-du-livre-2026","status":"publish","type":"post","link":"https:\/\/ambrabat.esteri.it\/fr\/news\/dall_ambasciata\/2026\/04\/communique-de-presse-litalie-au-siel-de-rabat-dans-lannee-de-rabat-capitale-mondiale-du-livre-2026\/","title":{"rendered":"COMMUNIQU\u00c9 DE PRESSE &#8211; L\u2019Italie au SIEL de Rabat dans l\u2019ann\u00e9e de Rabat Capitale mondiale du livre 2026"},"content":{"rendered":"<p>L\u2019Ambassade d\u2019Italie au Maroc et l\u2019Institut Culturel Italien de Rabat annoncent la participation italienne au Salon International de l\u2019\u00c9dition et du Livre, qui se tiendra \u00e0 Rabat du 1er au 9 mai, dans une ann\u00e9e particuli\u00e8rement significative pour la capitale marocaine, d\u00e9sign\u00e9e <strong>Capitale mondiale du livre 2026 par l\u2019UNESCO<\/strong>.<\/p>\n<p>Dans ce contexte, la pr\u00e9sence italienne rev\u00eat une port\u00e9e qui d\u00e9passe la seule dimension culturelle et contribue \u00e0 renforcer le dialogue entre l\u2019Italie et le Maroc, en consolidant le r\u00f4le de la culture comme espace de connexion entre les deux rives de la M\u00e9diterran\u00e9e.<\/p>\n<p>Le programme, con\u00e7u par l\u2019institut Culturel Italien de Rabat, s\u2019articule autour d\u2019un calendrier de rencontres litt\u00e9raires, de pr\u00e9sentations \u00e9ditoriales et de dialogues interdisciplinaires r\u00e9unissant auteurs italiens et marocains. Parmi les principaux rendez-vous figurent le dialogue entre Emanuela Anechoum et Karima Moual, la pr\u00e9sentation de l\u2019ouvrage de Luca Desiata consacr\u00e9 \u00e0 la strat\u00e9gie d\u2019entreprise, des rencontres po\u00e9tiques avec Giuseppe Goffredo et avec des voix italiennes et marocaines, ainsi que des moments de r\u00e9flexion autour de litt\u00e9rature et soci\u00e9t\u00e9, dont la pr\u00e9sentation de l\u2019\u0153uvre de Jalil Bennani.<\/p>\n<p>Parall\u00e8lement aux \u00e9v\u00e9nements litt\u00e9raires, le stand italien accueillera des initiatives destin\u00e9es aux jeunes et au public du Salon, notamment \u00ab Italiano in gara \u00bb, une activit\u00e9 interactive d\u00e9di\u00e9e \u00e0 la langue et \u00e0 la culture italiennes, ainsi que la rencontre d\u2019orientation \u00ab Vorrei studiare in Italia \u00bb, con\u00e7ue pour accompagner les \u00e9tudiants marocains souhaitant entreprendre un parcours de formation en Italie.<\/p>\n<p><strong>L\u2019Ambassadeur d\u2019Italie au Maroc, Pasquale Salzano, d\u00e9clare\u00a0:<\/strong><\/p>\n<p>\u00ab La participation italienne au SIEL de Rabat, dans l\u2019ann\u00e9e o\u00f9 la ville est Capitale mondiale du livre, s\u2019inscrit dans une phase particuli\u00e8rement significative pour le renforcement du dialogue entre l\u2019Italie et le Maroc.<br \/>\nDans ce cadre, la culture se confirme non seulement comme espace d\u2019expression, mais comme levier concret de connexion entre soci\u00e9t\u00e9s, institutions et jeunes g\u00e9n\u00e9rations, contribuant \u00e0 donner corps \u00e0 une M\u00e9diterran\u00e9e de plus en plus pens\u00e9e comme un espace partag\u00e9 d\u2019\u00e9change et de co-cr\u00e9ation.<br \/>\nLa qualit\u00e9 du programme et l\u2019implication des auteurs et des jeunes t\u00e9moignent d\u2019une relation vivante, capable de se renouveler et de se projeter naturellement vers de nouvelles formes de collaboration. \u00bb<\/p>\n<p><strong>La Directrice de l\u2019Institut Culturel Italien de Rabat, Serena Cinquegrana, affirme\u00a0:<\/strong><\/p>\n<p>\u00ab La programmation de cette ann\u00e9e refl\u00e8te la vitalit\u00e9 de la sc\u00e8ne culturelle italienne contemporaine et son dialogue avec la sc\u00e8ne marocaine, avec une attention particuli\u00e8re port\u00e9e aux nouvelles g\u00e9n\u00e9rations et \u00e0 la participation du public. \u00bb<\/p>\n<p>La participation italienne au SIEL confirme l\u2019engagement de l\u2019Ambassade et de l\u2019Institut Culturel Italien dans la promotion de la langue et de la culture italiennes au Maroc, ainsi que leur soutien aux initiatives favorisant les \u00e9changes intellectuels et la mobilit\u00e9 dans l\u2019espace euro-m\u00e9diterran\u00e9en<\/p>\n","protected":false},"excerpt":{"rendered":"L\u2019Ambassade d\u2019Italie au Maroc et l\u2019Institut Culturel Italien de Rabat annoncent la participation italienne au Salon International de l\u2019\u00c9dition et du Livre, qui se tiendra \u00e0 Rabat du 1er au 9 mai, dans une ann\u00e9e particuli\u00e8rement significative pour la capitale marocaine, d\u00e9sign\u00e9e Capitale mondiale du livre 2026 par l\u2019UNESCO. Dans ce contexte, la pr\u00e9sence italienne [&hellip;]","protected":false},"author":4,"featured_media":3404,"comment_status":"closed","ping_status":"closed","sticky":false,"template":"","format":"standard","meta":{"footnotes":""},"tags":[],"class_list":["post-3409","post","type-post","status-publish","format-standard","has-post-thumbnail","hentry"],"_links":{"self":[{"href":"https:\/\/ambrabat.esteri.it\/fr\/wp-json\/wp\/v2\/posts\/3409","targetHints":{"allow":["GET"]}}],"collection":[{"href":"https:\/\/ambrabat.esteri.it\/fr\/wp-json\/wp\/v2\/posts"}],"about":[{"href":"https:\/\/ambrabat.esteri.it\/fr\/wp-json\/wp\/v2\/types\/post"}],"author":[{"embeddable":true,"href":"https:\/\/ambrabat.esteri.it\/fr\/wp-json\/wp\/v2\/users\/4"}],"replies":[{"embeddable":true,"href":"https:\/\/ambrabat.esteri.it\/fr\/wp-json\/wp\/v2\/comments?post=3409"}],"version-history":[{"count":1,"href":"https:\/\/ambrabat.esteri.it\/fr\/wp-json\/wp\/v2\/posts\/3409\/revisions"}],"predecessor-version":[{"id":3412,"href":"https:\/\/ambrabat.esteri.it\/fr\/wp-json\/wp\/v2\/posts\/3409\/revisions\/3412"}],"wp:featuredmedia":[{"embeddable":true,"href":"https:\/\/ambrabat.esteri.it\/fr\/wp-json\/wp\/v2\/media\/3404"}],"wp:attachment":[{"href":"https:\/\/ambrabat.esteri.it\/fr\/wp-json\/wp\/v2\/media?parent=3409"}],"wp:term":[{"taxonomy":"post_tag","embeddable":true,"href":"https:\/\/ambrabat.esteri.it\/fr\/wp-json\/wp\/v2\/tags?post=3409"}],"curies":[{"name":"wp","href":"https:\/\/api.w.org\/{rel}","templated":true}]}}