{"id":408,"date":"2023-10-31T16:06:09","date_gmt":"2023-10-31T15:06:09","guid":{"rendered":"https:\/\/ambrabat.esteri.it\/news\/dall_ambasciata\/2023\/10\/invito-a-candidature-per-premi-2\/"},"modified":"2023-11-27T16:03:58","modified_gmt":"2023-11-27T15:03:58","slug":"invito-a-candidature-per-premi-2","status":"publish","type":"post","link":"https:\/\/ambrabat.esteri.it\/fr\/news\/dall_ambasciata\/2023\/10\/invito-a-candidature-per-premi-2\/","title":{"rendered":"Appels \u00e0 candidatures pour prix scientifiques et sur l&rsquo;innovation"},"content":{"rendered":"<p style=\"text-align: justify;\">Les appels \u00e0 propositions suivants sont annonc\u00e9s :<\/p>\n<p>1) <a href=\"resource\/img\/2023\/10\/italian_bilateral_cooperation_award_call_for_nominations_2024.pdf\">\u00ab\u00a0Premio Farnesina &#8211; Prix de la coop\u00e9ration scientifique bilat\u00e9rale italienne\u00a0\u00bb<\/a> :<br \/>\nce prix, qui en est \u00e0 sa sixi\u00e8me \u00e9dition, est d\u00e9di\u00e9 alternativement \u00e0 des chercheurs seniors et juniors qui se sont distingu\u00e9s dans le contexte du pays dans lequel ils travaillent ; pour cette \u00e9dition, l&rsquo;appel s&rsquo;adresse aux chercheurs de moins de 35 ans. Les candidatures seront examin\u00e9es par un comit\u00e9 scientifique compos\u00e9, outre le MUR et le MAECI, des pr\u00e9sidents des principaux centres de recherche et de la Conf\u00e9rence des recteurs des universit\u00e9s italiennes (CRUI) ;<\/p>\n<p>2) <a href=\"resource\/img\/2023\/10\/premio_innovazione_italia_2024.pdf\">Le prix \u00ab\u00a0Innovation qui parle italien\u00a0\u00bb <\/a>:<br \/>\nCe prix, qui en est \u00e0 sa sixi\u00e8me \u00e9dition, est une reconnaissance de la grande valeur innovante des jeunes entreprises technologiques op\u00e9rant \u00e0 l&rsquo;\u00e9tranger et fond\u00e9es par des citoyens italiens. Les candidatures seront examin\u00e9es par un comit\u00e9 technique coordonn\u00e9 par PNI Cube (une association qui regroupe des incubateurs universitaires italiens et des \u00ab\u00a0concours de plans d&rsquo;affaires\u00a0\u00bb, cr\u00e9\u00e9s dans le but de stimuler la naissance et l&rsquo;accompagnement sur le march\u00e9 de nouvelles entreprises \u00e0 fort contenu de connaissances d&rsquo;origine universitaire) ;<\/p>\n<p style=\"text-align: justify;\">3) <a href=\"resource\/img\/2023\/10\/premio_science__she_says__2024.pdf\" data-mce-tmp=\"1\">Le prix \u00ab\u00a0Science, She Says !\u00a0\u00bb <\/a>:<br \/>\nCe prix, qui en est \u00e0 sa deuxi\u00e8me \u00e9dition, sera d\u00e9cern\u00e9 \u00e0 cinq jeunes chercheuses \u00e9trang\u00e8res de moins de 40 ans issues d&rsquo;autant de zones g\u00e9ographiques (Afrique et Moyen-Orient ; Asie et Pacifique ; Europe ; Am\u00e9rique centrale et du Sud ; Am\u00e9rique du Nord), qui seront s\u00e9lectionn\u00e9es par un jury compos\u00e9 de repr\u00e9sentants des principaux organismes publics de recherche, le MUR et le CRUI, ainsi que du MAECI.<\/p>\n<p style=\"text-align: justify;\">Les candidatures peuvent \u00eatre soumises <strong>jusqu&rsquo;au 4 d\u00e9cembre 2023<\/strong>, conform\u00e9ment aux instructions des appels \u00e0 candidatures.<\/p>\n","protected":false},"excerpt":{"rendered":"Les appels \u00e0 propositions suivants sont annonc\u00e9s : 1) \u00ab\u00a0Premio Farnesina &#8211; Prix de la coop\u00e9ration scientifique bilat\u00e9rale italienne\u00a0\u00bb : ce prix, qui en est \u00e0 sa sixi\u00e8me \u00e9dition, est d\u00e9di\u00e9 alternativement \u00e0 des chercheurs seniors et juniors qui se sont distingu\u00e9s dans le contexte du pays dans lequel ils travaillent ; pour cette \u00e9dition, [&hellip;]","protected":false},"author":1,"featured_media":0,"comment_status":"closed","ping_status":"closed","sticky":false,"template":"","format":"standard","meta":{"footnotes":""},"tags":[],"class_list":["post-408","post","type-post","status-publish","format-standard","hentry"],"_links":{"self":[{"href":"https:\/\/ambrabat.esteri.it\/fr\/wp-json\/wp\/v2\/posts\/408","targetHints":{"allow":["GET"]}}],"collection":[{"href":"https:\/\/ambrabat.esteri.it\/fr\/wp-json\/wp\/v2\/posts"}],"about":[{"href":"https:\/\/ambrabat.esteri.it\/fr\/wp-json\/wp\/v2\/types\/post"}],"author":[{"embeddable":true,"href":"https:\/\/ambrabat.esteri.it\/fr\/wp-json\/wp\/v2\/users\/1"}],"replies":[{"embeddable":true,"href":"https:\/\/ambrabat.esteri.it\/fr\/wp-json\/wp\/v2\/comments?post=408"}],"version-history":[{"count":1,"href":"https:\/\/ambrabat.esteri.it\/fr\/wp-json\/wp\/v2\/posts\/408\/revisions"}],"predecessor-version":[{"id":1336,"href":"https:\/\/ambrabat.esteri.it\/fr\/wp-json\/wp\/v2\/posts\/408\/revisions\/1336"}],"wp:attachment":[{"href":"https:\/\/ambrabat.esteri.it\/fr\/wp-json\/wp\/v2\/media?parent=408"}],"wp:term":[{"taxonomy":"post_tag","embeddable":true,"href":"https:\/\/ambrabat.esteri.it\/fr\/wp-json\/wp\/v2\/tags?post=408"}],"curies":[{"name":"wp","href":"https:\/\/api.w.org\/{rel}","templated":true}]}}