{"id":713,"date":"2021-11-10T09:54:28","date_gmt":"2021-11-10T08:54:28","guid":{"rendered":"https:\/\/ambrabat.esteri.it\/news\/dall_ambasciata\/2021\/11\/colloquio-telefonico-tra-i-ministri-2\/"},"modified":"2021-11-10T09:54:28","modified_gmt":"2021-11-10T08:54:28","slug":"colloquio-telefonico-tra-i-ministri-2","status":"publish","type":"post","link":"https:\/\/ambrabat.esteri.it\/fr\/news\/dall_ambasciata\/2021\/11\/colloquio-telefonico-tra-i-ministri-2\/","title":{"rendered":"Entretien t\u00e9l\u00e9phonique entre les Ministres des Affaires Etrang\u00e8res du Maroc et de l\u2019Italie (le 09 novembre 2021). Communiqu\u00e9 conjoint"},"content":{"rendered":"<p>Le Ministre des Affaires Etrang\u00e8res du Royaume du Maroc, M. Nasser Bourita et le Ministre des Affaires Etrang\u00e8res de la R\u00e9publique d\u2019Italie, M. Luigi Di Maio ont eu un entretien t\u00e9l\u00e9phonique, le 9 novembre 2021.<\/p>\n<p>Lors de cet entretien, les deux Ministres, qui ont lou\u00e9 l\u2019excellence des relations qui lient le Maroc et l\u2019Italie, ont convenu d\u2019acc\u00e9l\u00e9rer la mise en \u0153uvre du partenariat strat\u00e9gique multidimensionnel entre les deux pays.<\/p>\n<p>Ils ont r\u00e9affirm\u00e9 leur grand int\u00e9r\u00eat au maintien et au renforcement du cadre juridique qui lie le Maroc \u00e0 l\u2019Union Europ\u00e9enne, qui est essentiel pour garantir la poursuite et la stabilit\u00e9 de leur partenariat strat\u00e9gique, et ont marqu\u00e9 l\u2019importance des initiatives du Conseil de l\u2019UE relatif aux accords de p\u00eache et agricole entre le Maroc et l\u2019Union Europ\u00e9enne.<\/p>\n<p>M. Di Maio a \u00e9voqu\u00e9 la position de l\u2019Italie sur la question du Sahara occidental, telle qu\u2019exprim\u00e9e dans la D\u00e9claration sur le Partenariat Strat\u00e9gique Multidimensionnel, sign\u00e9e le 1er novembre 2019 \u00e0 Rabat, en r\u00e9affirmant le plein soutien italien aux efforts du Secr\u00e9taire G\u00e9n\u00e9ral de l\u2019ONU pour poursuivre le processus politique, en conformit\u00e9 avec les r\u00e9solutions du Conseil de S\u00e9curit\u00e9 des Nations Unies, notamment la R\u00e9solution 2602 du 29\/10\/2021.<\/p>\n<p>L\u2019Italie, salue \u00e0 ce titre les efforts s\u00e9rieux et cr\u00e9dibles men\u00e9s par le Maroc dans le cadre des Nations Unies et encourage toutes les parties \u00e0 poursuivre leur engagement dans un esprit de r\u00e9alisme et de compromis.<\/p>\n<p>Les deux Ministres ont aussi eu un \u00e9change approfondi sur les questions r\u00e9gionales et internationales d\u2019int\u00e9r\u00eat commun, notamment les derniers d\u00e9veloppements en Libye.<\/p>\n","protected":false},"excerpt":{"rendered":"Le Ministre des Affaires Etrang\u00e8res du Royaume du Maroc, M. Nasser Bourita et le Ministre des Affaires Etrang\u00e8res de la R\u00e9publique d\u2019Italie, M. Luigi Di Maio ont eu un entretien t\u00e9l\u00e9phonique, le 9 novembre 2021. Lors de cet entretien, les deux Ministres, qui ont lou\u00e9 l\u2019excellence des relations qui lient le Maroc et l\u2019Italie, ont [&hellip;]","protected":false},"author":1,"featured_media":0,"comment_status":"","ping_status":"","sticky":false,"template":"","format":"standard","meta":{"footnotes":""},"tags":[],"class_list":["post-713","post","type-post","status-publish","format-standard","hentry"],"_links":{"self":[{"href":"https:\/\/ambrabat.esteri.it\/fr\/wp-json\/wp\/v2\/posts\/713","targetHints":{"allow":["GET"]}}],"collection":[{"href":"https:\/\/ambrabat.esteri.it\/fr\/wp-json\/wp\/v2\/posts"}],"about":[{"href":"https:\/\/ambrabat.esteri.it\/fr\/wp-json\/wp\/v2\/types\/post"}],"author":[{"embeddable":true,"href":"https:\/\/ambrabat.esteri.it\/fr\/wp-json\/wp\/v2\/users\/1"}],"replies":[{"embeddable":true,"href":"https:\/\/ambrabat.esteri.it\/fr\/wp-json\/wp\/v2\/comments?post=713"}],"version-history":[{"count":0,"href":"https:\/\/ambrabat.esteri.it\/fr\/wp-json\/wp\/v2\/posts\/713\/revisions"}],"wp:attachment":[{"href":"https:\/\/ambrabat.esteri.it\/fr\/wp-json\/wp\/v2\/media?parent=713"}],"wp:term":[{"taxonomy":"post_tag","embeddable":true,"href":"https:\/\/ambrabat.esteri.it\/fr\/wp-json\/wp\/v2\/tags?post=713"}],"curies":[{"name":"wp","href":"https:\/\/api.w.org\/{rel}","templated":true}]}}