{"id":761,"date":"2021-07-16T17:39:32","date_gmt":"2021-07-16T16:39:32","guid":{"rendered":"https:\/\/ambrabat.esteri.it\/news\/dall_ambasciata\/2021\/07\/il-ministro-dell-interno-lamorgese-2\/"},"modified":"2021-07-16T17:39:32","modified_gmt":"2021-07-16T16:39:32","slug":"il-ministro-dell-interno-lamorgese-2","status":"publish","type":"post","link":"https:\/\/ambrabat.esteri.it\/fr\/news\/dall_ambasciata\/2021\/07\/il-ministro-dell-interno-lamorgese-2\/","title":{"rendered":"Le Ministre de l&rsquo;Int\u00e9rieur Lamorgese en visite institutionnelle au Maroc"},"content":{"rendered":"<p>Le Ministre de l&rsquo;Int\u00e9rieur, Luciana Lamorgese, s&rsquo;est rendue aujourd&rsquo;hui en visite au Maroc o\u00f9 elle a rencontr\u00e9 le Ministre des Affaires Etrang\u00e8res, de la Coop\u00e9ration Africaine et des Marocains r\u00e9sidant \u00e0 l&rsquo;Etranger, le Ministre de l&rsquo;Int\u00e9rieur et le Ministre des Habous et des Affaires islamiques.<\/p>\n<p>Au centre des entretiens figuraient la mise en \u0153uvre du partenariat strat\u00e9gique italo-marocain, le renforcement de la coop\u00e9ration dans le secteur de la s\u00e9curit\u00e9, la gestion des flux migratoires, la lutte contre le crime organis\u00e9 et le dialogue interreligieux. Les rencontres ont \u00e9t\u00e9 l&rsquo;occasion de faire le point sur l&rsquo;\u00e9tat actuel des relations de collaboration entre deux pays unis par de forts liens d&rsquo;amiti\u00e9, gr\u00e2ce \u00e9galement \u00e0 la pr\u00e9sence importante de la communaut\u00e9 marocaine en Italie, la premi\u00e8re parmi les communaut\u00e9s r\u00e9sidentes non europ\u00e9ennes sur le territoire national.<\/p>\n<p>Le Ministre Lamorgese a soulign\u00e9 que la visite est \u00ab\u00a0la d\u00e9monstration tangible du lien fort existant entre les deux Pays\u00a0\u00bb et que \u00ab\u00a0les relations italo-marocaines sont traditionnellement excellentes\u00a0\u00bb, ajoutant que \u00ab\u00a0c&rsquo;est la ferme volont\u00e9 de l&rsquo;Italie de progresser encore et d&rsquo;augmenter le niveau des \u00e9changes, \u00e0 la fois culturel et commercial, sur la base de valeurs partag\u00e9es inspir\u00e9es d&rsquo;une politique \u00e9quilibr\u00e9e et d&rsquo;une ouverture \u00e0 la discussion\u00a0\u00bb.<\/p>\n<p>Le Ministre de l&rsquo;Int\u00e9rieur\u00a0a soulign\u00e9 que \u00ab\u00a0le Maroc est un partenaire essentiel pour toute strat\u00e9gie efficace sur le front des migrations, de la s\u00e9curit\u00e9 et du d\u00e9veloppement\u00a0\u00bb. \u00ab\u00a0La coop\u00e9ration polici\u00e8re entre les deux Pays &#8211; a ajout\u00e9 le Ministre Lamorgese &#8211; est excellente et, sur la base de l&rsquo;Accord contre le terrorisme, le crime organis\u00e9 et le trafic de drogue de 1987 et des instruments conventionnels ult\u00e9rieurs &#8211; s&rsquo;est enrichie au fil du temps\u00a0\u00bb. \u00ab\u00a0Nous sommes pr\u00eats \u00e0 renforcer notre collaboration bilat\u00e9rale &#8211; a conclu le Ministre Lamorgese &#8211; dans la pr\u00e9vention et la lutte contre la radicalisation, l&rsquo;extr\u00e9misme et le terrorisme, \u00e9galement par un plus grand partage d&rsquo;exp\u00e9riences et d&rsquo;informations entre nos forces de police.\u00a0\u00bb.<\/p>\n","protected":false},"excerpt":{"rendered":"Le Ministre de l&rsquo;Int\u00e9rieur, Luciana Lamorgese, s&rsquo;est rendue aujourd&rsquo;hui en visite au Maroc o\u00f9 elle a rencontr\u00e9 le Ministre des Affaires Etrang\u00e8res, de la Coop\u00e9ration Africaine et des Marocains r\u00e9sidant \u00e0 l&rsquo;Etranger, le Ministre de l&rsquo;Int\u00e9rieur et le Ministre des Habous et des Affaires islamiques. Au centre des entretiens figuraient la mise en \u0153uvre du [&hellip;]","protected":false},"author":1,"featured_media":0,"comment_status":"","ping_status":"","sticky":false,"template":"","format":"standard","meta":{"footnotes":""},"tags":[],"class_list":["post-761","post","type-post","status-publish","format-standard","hentry"],"_links":{"self":[{"href":"https:\/\/ambrabat.esteri.it\/fr\/wp-json\/wp\/v2\/posts\/761","targetHints":{"allow":["GET"]}}],"collection":[{"href":"https:\/\/ambrabat.esteri.it\/fr\/wp-json\/wp\/v2\/posts"}],"about":[{"href":"https:\/\/ambrabat.esteri.it\/fr\/wp-json\/wp\/v2\/types\/post"}],"author":[{"embeddable":true,"href":"https:\/\/ambrabat.esteri.it\/fr\/wp-json\/wp\/v2\/users\/1"}],"replies":[{"embeddable":true,"href":"https:\/\/ambrabat.esteri.it\/fr\/wp-json\/wp\/v2\/comments?post=761"}],"version-history":[{"count":0,"href":"https:\/\/ambrabat.esteri.it\/fr\/wp-json\/wp\/v2\/posts\/761\/revisions"}],"wp:attachment":[{"href":"https:\/\/ambrabat.esteri.it\/fr\/wp-json\/wp\/v2\/media?parent=761"}],"wp:term":[{"taxonomy":"post_tag","embeddable":true,"href":"https:\/\/ambrabat.esteri.it\/fr\/wp-json\/wp\/v2\/tags?post=761"}],"curies":[{"name":"wp","href":"https:\/\/api.w.org\/{rel}","templated":true}]}}