{"id":784,"date":"2021-05-28T00:55:13","date_gmt":"2021-05-27T23:55:13","guid":{"rendered":"https:\/\/ambrabat.esteri.it\/news\/dall_ambasciata\/2021\/05\/incontro-dell-ambasciatore-armando-2\/"},"modified":"2021-05-28T00:55:13","modified_gmt":"2021-05-27T23:55:13","slug":"incontro-dell-ambasciatore-armando-2","status":"publish","type":"post","link":"https:\/\/ambrabat.esteri.it\/fr\/news\/dall_ambasciata\/2021\/05\/incontro-dell-ambasciatore-armando-2\/","title":{"rendered":"Rencontre de l&rsquo;Ambassadeur Armando Barucco avec le Directeur G\u00e9n\u00e9ral de l&rsquo;Agence MAP"},"content":{"rendered":"<p>Mercredi 26 mai, l&rsquo;Ambassadeur d&rsquo;Italie au Maroc, Armando Barucco, a rencontr\u00e9 Khalil Hachimi Idrissi, Directeur G\u00e9n\u00e9ral de l\u2019Agence Marocaine de Presse (MAP) pour une visite de courtoisie.<\/p>\n<p>La rencontre a \u00e9t\u00e9 l&rsquo;occasion pour un dialogue fructueux sur l&rsquo;excellent \u00e9tat des relations entre l&rsquo;Italie et le Maroc, avec un accent particulier sur les \u00e9changes culturels qui lient les deux pays et sur le r\u00f4le fondamental jou\u00e9 par la communaut\u00e9 marocaine en Italie.<\/p>\n<p><a href=\"https:\/\/www.youtube.com\/watch?v=FxjAYvELSok\" onclick=\"window.open(this.href,'','scrollbars=yes,resizable=yes,location=yes,menubar=yes,status=yes,toolbar=yes,left=0,top=0');return false;\"><strong>Dans la d\u00e9claration adress\u00e9e \u00e0 la cha\u00eene M24<\/strong><\/a>, l&rsquo;Ambassadeur a ensuite rappel\u00e9 les actions men\u00e9es par les\u00a0institutions italiennes pour encourager davantage le renforcement de ces liens, gr\u00e2ce aussi aux nouveaux horizons de collaboration ouverts par la D\u00e9claration de partenariat strat\u00e9gique multidimensionnel, sign\u00e9e \u00e0 Rabat le 1er novembre 2019.<\/p>\n","protected":false},"excerpt":{"rendered":"Mercredi 26 mai, l&rsquo;Ambassadeur d&rsquo;Italie au Maroc, Armando Barucco, a rencontr\u00e9 Khalil Hachimi Idrissi, Directeur G\u00e9n\u00e9ral de l\u2019Agence Marocaine de Presse (MAP) pour une visite de courtoisie. La rencontre a \u00e9t\u00e9 l&rsquo;occasion pour un dialogue fructueux sur l&rsquo;excellent \u00e9tat des relations entre l&rsquo;Italie et le Maroc, avec un accent particulier sur les \u00e9changes culturels qui [&hellip;]","protected":false},"author":1,"featured_media":0,"comment_status":"","ping_status":"","sticky":false,"template":"","format":"standard","meta":{"footnotes":""},"tags":[],"class_list":["post-784","post","type-post","status-publish","format-standard","hentry"],"_links":{"self":[{"href":"https:\/\/ambrabat.esteri.it\/fr\/wp-json\/wp\/v2\/posts\/784","targetHints":{"allow":["GET"]}}],"collection":[{"href":"https:\/\/ambrabat.esteri.it\/fr\/wp-json\/wp\/v2\/posts"}],"about":[{"href":"https:\/\/ambrabat.esteri.it\/fr\/wp-json\/wp\/v2\/types\/post"}],"author":[{"embeddable":true,"href":"https:\/\/ambrabat.esteri.it\/fr\/wp-json\/wp\/v2\/users\/1"}],"replies":[{"embeddable":true,"href":"https:\/\/ambrabat.esteri.it\/fr\/wp-json\/wp\/v2\/comments?post=784"}],"version-history":[{"count":0,"href":"https:\/\/ambrabat.esteri.it\/fr\/wp-json\/wp\/v2\/posts\/784\/revisions"}],"wp:attachment":[{"href":"https:\/\/ambrabat.esteri.it\/fr\/wp-json\/wp\/v2\/media?parent=784"}],"wp:term":[{"taxonomy":"post_tag","embeddable":true,"href":"https:\/\/ambrabat.esteri.it\/fr\/wp-json\/wp\/v2\/tags?post=784"}],"curies":[{"name":"wp","href":"https:\/\/api.w.org\/{rel}","templated":true}]}}