{"id":812,"date":"2021-05-07T14:58:50","date_gmt":"2021-05-07T13:58:50","guid":{"rendered":"https:\/\/ambrabat.esteri.it\/news\/dall_ambasciata\/2021\/05\/proroga-al-31-luglio-dei-permessi-2\/"},"modified":"2021-05-07T14:58:50","modified_gmt":"2021-05-07T13:58:50","slug":"proroga-al-31-luglio-dei-permessi-2","status":"publish","type":"post","link":"https:\/\/ambrabat.esteri.it\/fr\/news\/dall_ambasciata\/2021\/05\/proroga-al-31-luglio-dei-permessi-2\/","title":{"rendered":"Prolongation au 31 juillet des titres de s\u00e9jour expir\u00e9s \u00e0 partir du 31 janvier 2020."},"content":{"rendered":"<p>L\u2019Ambassade d\u2019Italie \u00e0 Rabat informe que, conform\u00e9ment au d\u00e9cret-loi du 30 avril 2021 n.56, la validit\u00e9 des permis de s\u00e9jour expir\u00e9s le 31\/01\/2020 a \u00e9t\u00e9 <strong>prolong\u00e9e au 31\u00a0juillet 2021<\/strong>.<br \/>Par cons\u00e9quent, les citoyens \u00e9trangers int\u00e9ress\u00e9s qui souhaitent <span style=\"text-decoration: underline;\">rentrer en Italie avec des liaisons directes<\/span> avant la date indiqu\u00e9e n\u2019ont pas besoin d\u2019un visa de retour (visa de retour).<br \/>Dans le cas o\u00f9 le voyage de retour implique une escale dans un autre pays, pour traverser les fronti\u00e8res il sera n\u00e9cessaire d\u2019obtenir le visa de retour susmentionn\u00e9.<\/p>\n<p>Le retour en Italie doit \u00e9videmment se faire dans le respect des dispositions nationales d\u2019urgence adopt\u00e9es dans le cadre de la lutte contre le COVID-19 qui peuvent \u00eatre consult\u00e9es sur la page suivante du site internet du Minist\u00e8re des Affaires \u00e9trang\u00e8res et de la Coop\u00e9ration Internationale <a href=\"https:\/\/www.esteri.it\/mae\/it\/ministero\/normativaonline\/decreto-iorestoacasa-domande-frequenti\/focus-cittadini-italiani-in-rientro-dall-estero-e-cittadini-stranieri-in-italia.html\">https:\/\/www.esteri.it\/mae\/it\/ministero\/normativaonline\/decreto-iorestoacasa-domande-frequenti\/focus-cittadini-italiani-in-rientro-dall-estero-e-cittadini-stranieri-in-italia.html<\/a>\u00a0<\/p>\n","protected":false},"excerpt":{"rendered":"L\u2019Ambassade d\u2019Italie \u00e0 Rabat informe que, conform\u00e9ment au d\u00e9cret-loi du 30 avril 2021 n.56, la validit\u00e9 des permis de s\u00e9jour expir\u00e9s le 31\/01\/2020 a \u00e9t\u00e9 prolong\u00e9e au 31\u00a0juillet 2021.Par cons\u00e9quent, les citoyens \u00e9trangers int\u00e9ress\u00e9s qui souhaitent rentrer en Italie avec des liaisons directes avant la date indiqu\u00e9e n\u2019ont pas besoin d\u2019un visa de retour (visa [&hellip;]","protected":false},"author":1,"featured_media":0,"comment_status":"","ping_status":"","sticky":false,"template":"","format":"standard","meta":{"footnotes":""},"tags":[],"class_list":["post-812","post","type-post","status-publish","format-standard","hentry"],"_links":{"self":[{"href":"https:\/\/ambrabat.esteri.it\/fr\/wp-json\/wp\/v2\/posts\/812","targetHints":{"allow":["GET"]}}],"collection":[{"href":"https:\/\/ambrabat.esteri.it\/fr\/wp-json\/wp\/v2\/posts"}],"about":[{"href":"https:\/\/ambrabat.esteri.it\/fr\/wp-json\/wp\/v2\/types\/post"}],"author":[{"embeddable":true,"href":"https:\/\/ambrabat.esteri.it\/fr\/wp-json\/wp\/v2\/users\/1"}],"replies":[{"embeddable":true,"href":"https:\/\/ambrabat.esteri.it\/fr\/wp-json\/wp\/v2\/comments?post=812"}],"version-history":[{"count":0,"href":"https:\/\/ambrabat.esteri.it\/fr\/wp-json\/wp\/v2\/posts\/812\/revisions"}],"wp:attachment":[{"href":"https:\/\/ambrabat.esteri.it\/fr\/wp-json\/wp\/v2\/media?parent=812"}],"wp:term":[{"taxonomy":"post_tag","embeddable":true,"href":"https:\/\/ambrabat.esteri.it\/fr\/wp-json\/wp\/v2\/tags?post=812"}],"curies":[{"name":"wp","href":"https:\/\/api.w.org\/{rel}","templated":true}]}}