{"id":818,"date":"2021-04-27T18:18:05","date_gmt":"2021-04-27T17:18:05","guid":{"rendered":"https:\/\/ambrabat.esteri.it\/news\/dall_ambasciata\/2021\/04\/ideas-italian-dialogues-on-excellence-2\/"},"modified":"2021-04-27T18:18:05","modified_gmt":"2021-04-27T17:18:05","slug":"ideas-italian-dialogues-on-excellence-2","status":"publish","type":"post","link":"https:\/\/ambrabat.esteri.it\/fr\/news\/dall_ambasciata\/2021\/04\/ideas-italian-dialogues-on-excellence-2\/","title":{"rendered":"IDEAS &#8211; Italian Dialogues on Excellence, Arts and Science"},"content":{"rendered":"<p style=\"text-align: center;\"><strong>IDEAS<\/strong><\/p>\n<p style=\"text-align: center;\"><strong>Italian Dialogues on Excellence, Arts and Science<\/strong><\/p>\n<p style=\"text-align: center;\"><a href=\"https:\/\/ideasitaly.com\/\">https:\/\/ideasitaly.com\/<\/a>\u00a0<\/p>\n<p style=\"text-align: center;\"><span style=\"text-decoration: underline;\">Saison 1 (2021)<\/span><\/p>\n<p style=\"text-align: center;\"><em>5 secteurs, 5 protagonistes, 5 histoires pour raconter une Italie dynamique, cr\u00e9ative et r\u00e9siliente<\/em><\/p>\n<p>\u00a0<\/p>\n<p style=\"text-align: justify;\"><strong>Think Iit beyond.<\/strong><\/p>\n<p style=\"text-align: justify;\">5 histoires pour raconter l&rsquo;Italie d&rsquo;aujourd&rsquo;hui. IDEAS &#8211; Italian Dialogues on Excellence, Arts and Science est un projet de la Direction G\u00e9n\u00e9rale pour la Promotion Culturelle et Economique et<br \/>pour l\u2019Innovation du Minist\u00e8re des Affaires \u00e9trang\u00e8res et de la Cooperation international.<\/p>\n<p style=\"text-align: justify;\">La webs\u00e9rie, disponible sur <a href=\"http:\/\/www.ideasitaly.com\">www.ideasitaly.com<\/a>, se compose de cinq portraits documentaires d\u00e9di\u00e9s \u00e0 diff\u00e9rents secteurs cr\u00e9atifs et productifs. Objectif : raconter au public international les histoires, les visages et les exp\u00e9riences d&rsquo;une Italie innovante, vertueuse et polycentrique.<\/p>\n<p style=\"text-align: justify;\">Le projet r\u00e9fl\u00e9chit aux questions qui sont \u00e0 l&rsquo;ordre du jour dans le d\u00e9bat public, en examinant en particulier les grands d\u00e9fis \u00e9thiques de l&rsquo;avenir : environnement, innovation, biens communs \u2013 des domaines dans lesquels l&rsquo;Italie d&rsquo;aujourd&rsquo;hui a beaucoup \u00e0 dire. Chaque histoire met en lumi\u00e8re la richesse du territoire italien d&rsquo;un point de vue productif, culturel, touristique et environnemental.<\/p>\n<p style=\"text-align: justify;\">Cinq id\u00e9es, embl\u00e9matiques par leur caract\u00e8re cr\u00e9atif et innovant, et capables de pr\u00e9senter au public mondial l&rsquo;excellence de la sc\u00e8ne italienne contemporaine.<\/p>\n<p style=\"text-align: justify;\">Toutes les histoires racont\u00e9es par IDEAS sont :<\/p>\n<p style=\"text-align: justify;\">\u00b7 personnelles et collectives, pour souligner l&rsquo;importance du travail d&rsquo;\u00e9quipe, \u00e9clairant ainsi des r\u00e9alit\u00e9s cr\u00e9atives, chorales et collaboratives;<\/p>\n<p style=\"text-align: justify;\">\u00b7 fermement li\u00e9es \u00e0 un territoire et \u00e0 une communaut\u00e9;<\/p>\n<p style=\"text-align: justify;\">\u00b7 caract\u00e9ris\u00e9es par des th\u00e8mes \u00e9thiques et des valeurs prioritaires, telles que la durabilit\u00e9 environnementale, le progr\u00e8s scientifique et technologique, le r\u00e9am\u00e9nagement urbain, l&rsquo;int\u00e9gration sociale.<\/p>\n<p style=\"text-align: justify;\">\u00a0<\/p>\n<p style=\"text-align: justify;\"><strong>Cinq secteurs et cinq protagonistes<\/strong><\/p>\n<p style=\"text-align: justify;\">IDEAS raconte cinq protagonistes, cinq id\u00e9es li\u00e9es \u00e0 diff\u00e9rentes disciplines et domaines :<\/p>\n<p style=\"text-align: justify;\">\u00b7 Entreprise et social : Livia Cevolini, PDG d\u2019Energica (le premier fabricant de motos \u00e9lectriques supersport \u00ab\u00a0Made in Italy\u00a0\u00bb), souligne le potentiel d\u2019un secteur \u2013 celui de l\u2019automobile \u2013 qui a toujours \u00e9t\u00e9 associ\u00e9 \u00e0 l\u2019image de l\u2019excellence italienne et qui est maintenant pr\u00eat \u00e0 relever les d\u00e9fis \u00e9thiques de la durabilit\u00e9.<\/p>\n<p style=\"text-align: justify;\">\u00b7 Architecture et design : Orizzontale, un collectif de jeunes architectes romains, se concentre sur la r\u00e9g\u00e9n\u00e9ration urbaine des zones p\u00e9riph\u00e9riques, avec une attention particuli\u00e8re aux nouvelles formes d&rsquo;interaction entre les habitants et les biens communs urbains.<\/p>\n<p style=\"text-align: justify;\">\u00b7 Art et patrimoine : Gianluca D\u2019Inc\u00e0 Levis, cr\u00e9ateur du projet Dolomiti Contemporanee, m\u00e8ne une exp\u00e9rience \u00e0 la fronti\u00e8re entre l\u2019art contemporain, la r\u00e9cup\u00e9ration des espaces industriels et la renaissance d\u2019environnements de montagne.<\/p>\n<p style=\"text-align: justify;\">\u00b7 Science et recherche : Francesca Santoro, ing\u00e9nieur biom\u00e9dical de la branche de Naples de l\u2019Istituto Italiano di Tecnologia, nous parle de deux projets de recherche extr\u00eamement innovants. Le premier utilise l&rsquo;\u00e9nergie solaire pour r\u00e9g\u00e9n\u00e9rer la peau endommag\u00e9e, le second \u00e9tudie les connexions entre les puces neuromorphes et les neurones biologiques.<\/p>\n<p style=\"text-align: justify;\">\u00b7 Arts du spectacle et arts sc\u00e9niques : Simone Merico, Vice Chairman et Chief Business Officer de Balich Worldwide Shows, parle de ce que signifie \u00eatre \u00ab\u00a0ing\u00e9nieur en \u00e9motion\u00a0\u00bb dans une entreprise leader dans l&rsquo;organisation de grands \u00e9v\u00e9nements et c\u00e9r\u00e9monies olympiques.<\/p>\n<p style=\"text-align: justify;\">\u00a0<\/p>\n<p style=\"text-align: justify;\"><strong>Modalit\u00e9s d&rsquo;exploitation<\/strong><\/p>\n<p style=\"text-align: justify;\">Les cinq portraits documentaires sont disponibles sur le site <a href=\"http:\/\/www.ideasitaly.com\">www.ideasitaly.com<\/a>\u00a0et sur la cha\u00eene YouTube IDEAS Italy ; ils seront \u00e9galement partag\u00e9s via les canaux institutionnels et les r\u00e9seaux sociaux enti\u00e8rement d\u00e9di\u00e9s au projet de la Farnesina.<\/p>\n<p style=\"text-align: justify;\">\u00a0<\/p>\n<p style=\"text-align: justify;\"><strong>Les canaux d\u2019IDEAS<\/strong><\/p>\n<p style=\"text-align: justify;\">Le site web : <a href=\"http:\/\/www.ideasitaly.com\">www.ideasitaly.com<\/a>\u00a0<\/p>\n<p style=\"text-align: justify;\">Instagram : @ideas.italy\u00a0<\/p>\n<p style=\"text-align: justify;\">Facebook : IDEAS Italy<\/p>\n<p style=\"text-align: justify;\">YouTube : IDEAS Italy (<a href=\"https:\/\/www.youtube.com\/channel\/UCENlpdhNL-cOlyuOY-fr6jw\">https:\/\/www.youtube.com\/channel\/UCENlpdhNL-cOlyuOY-fr6jw<\/a>)<\/p>\n","protected":false},"excerpt":{"rendered":"IDEAS Italian Dialogues on Excellence, Arts and Science https:\/\/ideasitaly.com\/\u00a0 Saison 1 (2021) 5 secteurs, 5 protagonistes, 5 histoires pour raconter une Italie dynamique, cr\u00e9ative et r\u00e9siliente \u00a0 Think Iit beyond. 5 histoires pour raconter l&rsquo;Italie d&rsquo;aujourd&rsquo;hui. IDEAS &#8211; Italian Dialogues on Excellence, Arts and Science est un projet de la Direction G\u00e9n\u00e9rale pour la Promotion [&hellip;]","protected":false},"author":1,"featured_media":0,"comment_status":"","ping_status":"","sticky":false,"template":"","format":"standard","meta":{"footnotes":""},"tags":[],"class_list":["post-818","post","type-post","status-publish","format-standard","hentry"],"_links":{"self":[{"href":"https:\/\/ambrabat.esteri.it\/fr\/wp-json\/wp\/v2\/posts\/818","targetHints":{"allow":["GET"]}}],"collection":[{"href":"https:\/\/ambrabat.esteri.it\/fr\/wp-json\/wp\/v2\/posts"}],"about":[{"href":"https:\/\/ambrabat.esteri.it\/fr\/wp-json\/wp\/v2\/types\/post"}],"author":[{"embeddable":true,"href":"https:\/\/ambrabat.esteri.it\/fr\/wp-json\/wp\/v2\/users\/1"}],"replies":[{"embeddable":true,"href":"https:\/\/ambrabat.esteri.it\/fr\/wp-json\/wp\/v2\/comments?post=818"}],"version-history":[{"count":0,"href":"https:\/\/ambrabat.esteri.it\/fr\/wp-json\/wp\/v2\/posts\/818\/revisions"}],"wp:attachment":[{"href":"https:\/\/ambrabat.esteri.it\/fr\/wp-json\/wp\/v2\/media?parent=818"}],"wp:term":[{"taxonomy":"post_tag","embeddable":true,"href":"https:\/\/ambrabat.esteri.it\/fr\/wp-json\/wp\/v2\/tags?post=818"}],"curies":[{"name":"wp","href":"https:\/\/api.w.org\/{rel}","templated":true}]}}