{"id":834,"date":"2021-04-19T18:03:03","date_gmt":"2021-04-19T17:03:03","guid":{"rendered":"https:\/\/ambrabat.esteri.it\/news\/dall_ambasciata\/2021\/04\/covid-19-prossimi-voli-commerciali-2\/"},"modified":"2021-04-19T18:03:03","modified_gmt":"2021-04-19T17:03:03","slug":"covid-19-prossimi-voli-commerciali-2","status":"publish","type":"post","link":"https:\/\/ambrabat.esteri.it\/fr\/news\/dall_ambasciata\/2021\/04\/covid-19-prossimi-voli-commerciali-2\/","title":{"rendered":"COVID-19. Prochains vols commerciaux vers l&rsquo;Italie."},"content":{"rendered":"<p style=\"text-align: justify;\"><strong>Afin de r\u00e9pondre aux besoins des citoyens italiens et des citoyens marocains r\u00e9sidant en Italie, en particulier ceux qui ont vu leurs vols de retour en Italie annul\u00e9s, l\u2019Ambassade d\u2019Italie \u00e0 Rabat et le Consulat G\u00e9n\u00e9ral \u00e0 Casablanca, en accord avec les autorit\u00e9s marocaines, ont demand\u00e9 aux compagnies a\u00e9riennes d\u2019\u00e9valuer la possibilit\u00e9 d\u2019effectuer des vols sp\u00e9ciaux commerciaux directs entre le Maroc et l\u2019Italie.<\/strong><\/p>\n<p style=\"text-align: justify;\"><strong>A cet \u00e9gard, nous vous informons qu&rsquo;aucun vol ne sera op\u00e9r\u00e9 le vendredi 28 mai.<\/strong><\/p>\n<p><strong>Plus d\u2019informations sur les dates seront communiqu\u00e9es imm\u00e9diatement. Dans ce sens, veuillez ne pas t\u00e9l\u00e9phoner ou \u00e9crire \u00e0 l\u2019Ambassade et au Consulat G\u00e9n\u00e9ral de Casablanca, mais de surveiller leurs sites web, o\u00f9 les informations seront publi\u00e9es dans les plus brefs d\u00e9lais d\u00e8s qu\u2019elles seront disponibles.ablanca, mais de surveiller leurs sites web, o\u00f9 les informations seront publi\u00e9es dans les plus brefs d\u00e9lais d\u00e8s qu\u2019elles seront disponibles.<\/strong><\/p>\n<p style=\"text-align: justify;\">Il est rappel\u00e9 aux citoyens italiens au Maroc, dont les titres de s\u00e9jour (visa ou permis de s\u00e9jour) ont expir\u00e9, la n\u00e9cessit\u00e9 de r\u00e9gulariser leur situation aupr\u00e8s de la pr\u00e9fecture marocaine territorialement comp\u00e9tente, pour \u00e9viter d\u2019\u00eatre arr\u00eat\u00e9 par la police a\u00e9roportuaire marocaine au moment de l\u2019embarquement.<\/p>\n<p style=\"text-align: justify;\">Il est rappel\u00e9 aux citoyens marocains r\u00e9sidant en Italie, qu\u2019une nouvelle <strong>prorogation jusqu\u2019au 31 juillet 2021 de la validit\u00e9 des titres de s\u00e9jour arrivant \u00e0 expiration\/ expir\u00e9s \u00e0 compter du 31 janvier 2020, a \u00e9t\u00e9 d\u00e9cid\u00e9e<\/strong>. Seuls les titulaires de ces titres de s\u00e9jour ne devront pas \u00eatre munis d\u2019un visa de retour.<\/p>\n<p style=\"text-align: justify;\">Les passagers \u00e0 bord doivent porter des masques chirurgicaux.<\/p>\n<p style=\"text-align: justify;\">A tous ceux qui rentrent du Maroc en Italie, il est signal\u00e9 que, suite \u00e0 l\u2019adoption, le 16 avril, de l\u2019ordonnance du minist\u00e8re italien de la Sant\u00e9, en vigueur \u00e0 partir du 18 avril, ont \u00e9t\u00e9 ordonn\u00e9s :<\/p>\n<ul style=\"text-align: justify;\">\n<li>L\u2019obligation, \u00e0 partir du 22 avril, pour les personnes qui entrent sur le territoire national en provenance d\u2019Etats ou de territoires figurant sur les listes C, D et E ( y compris le Maroc) de l\u2019annexe 20 du DPCM du 2 mars 2021, de se soumettre \u00e0 un pr\u00e9l\u00e8vement mol\u00e9culaire ou antig\u00e9nique dans les 72 heures pr\u00e9c\u00e9dant leur entr\u00e9e ;<\/li>\n<li>L\u2019obligation, \u00e0 partir du 18 avril, pour les personnes qui entrent sur le territoire national en provenance des pays figurant sur les listes D et E (dont le Maroc) de l\u2019annexe 20, d\u2019observer une p\u00e9riode de quarantaine domiciliaire de 10 jours, et de se soumettre \u00e0 un pr\u00e9l\u00e8vement mol\u00e9culaire\u00a0ou antig\u00e9nique \u00e0 la fin de cette p\u00e9riode ;<\/li>\n<li>L\u2019obligation, pour les personnes entrant sur le territoire national en provenance des pays figurant sur les listes B, C, D et E (y compris le Maroc) de l\u2019annexe 20, de remplir un formulaire de localisation au format num\u00e9rique , sur la base des indications d\u2019une circulaire sp\u00e9cifique de la Direction G\u00e9n\u00e9ral de la Pr\u00e9vention Sanitaire du Minist\u00e8re de la Sant\u00e9: <a href=\"fr\/ambasciata\/news\/dall_ambasciata\/2021\/05\/ingressi-in-italia-obbligo-di-compilazione.html\">Passenger Locator Form<\/a><\/li>\n<\/ul>\n","protected":false},"excerpt":{"rendered":"Afin de r\u00e9pondre aux besoins des citoyens italiens et des citoyens marocains r\u00e9sidant en Italie, en particulier ceux qui ont vu leurs vols de retour en Italie annul\u00e9s, l\u2019Ambassade d\u2019Italie \u00e0 Rabat et le Consulat G\u00e9n\u00e9ral \u00e0 Casablanca, en accord avec les autorit\u00e9s marocaines, ont demand\u00e9 aux compagnies a\u00e9riennes d\u2019\u00e9valuer la possibilit\u00e9 d\u2019effectuer des vols [&hellip;]","protected":false},"author":1,"featured_media":0,"comment_status":"","ping_status":"","sticky":false,"template":"","format":"standard","meta":{"footnotes":""},"tags":[],"class_list":["post-834","post","type-post","status-publish","format-standard","hentry"],"_links":{"self":[{"href":"https:\/\/ambrabat.esteri.it\/fr\/wp-json\/wp\/v2\/posts\/834","targetHints":{"allow":["GET"]}}],"collection":[{"href":"https:\/\/ambrabat.esteri.it\/fr\/wp-json\/wp\/v2\/posts"}],"about":[{"href":"https:\/\/ambrabat.esteri.it\/fr\/wp-json\/wp\/v2\/types\/post"}],"author":[{"embeddable":true,"href":"https:\/\/ambrabat.esteri.it\/fr\/wp-json\/wp\/v2\/users\/1"}],"replies":[{"embeddable":true,"href":"https:\/\/ambrabat.esteri.it\/fr\/wp-json\/wp\/v2\/comments?post=834"}],"version-history":[{"count":0,"href":"https:\/\/ambrabat.esteri.it\/fr\/wp-json\/wp\/v2\/posts\/834\/revisions"}],"wp:attachment":[{"href":"https:\/\/ambrabat.esteri.it\/fr\/wp-json\/wp\/v2\/media?parent=834"}],"wp:term":[{"taxonomy":"post_tag","embeddable":true,"href":"https:\/\/ambrabat.esteri.it\/fr\/wp-json\/wp\/v2\/tags?post=834"}],"curies":[{"name":"wp","href":"https:\/\/api.w.org\/{rel}","templated":true}]}}