{"id":940,"date":"2020-06-01T20:52:50","date_gmt":"2020-06-01T19:52:50","guid":{"rendered":"https:\/\/ambrabat.esteri.it\/news\/dall_ambasciata\/2020\/06\/2-giugno-video-messaggio-dell-amb-2\/"},"modified":"2020-06-01T20:52:50","modified_gmt":"2020-06-01T19:52:50","slug":"2-giugno-video-messaggio-dell-amb-2","status":"publish","type":"post","link":"https:\/\/ambrabat.esteri.it\/fr\/news\/dall_ambasciata\/2020\/06\/2-giugno-video-messaggio-dell-amb-2\/","title":{"rendered":"2 juin &#8211; message-vid\u00e9o de l&rsquo;Amb. Bregato \u00e0 l\u2019occasion de la F\u00eate de la Republique Italienne"},"content":{"rendered":"<p>\u00c0 l\u2019occasion des c\u00e9l\u00e9brations du 2 juin, 74\u00e8me anniversaire de la naissance de la R\u00e9publique Italienne, S.E. l\u2019Ambassadeur d\u2019Italie \u00e0 Rabat, Mme Barbara Bregato, a adress\u00e9 <a href=\"https:\/\/www.youtube.com\/watch?v=aMDmISlor8o\"><strong>un message-vid\u00e9o aux citoyennes et aux citoyens italiens<\/strong><\/a> r\u00e9sidant \u00e0 divers titres au Royaume du Maroc et en la R\u00e9publique islamique de Mauritanie.<\/p>\n<p>Le message-vid\u00e9o de l\u2019Ambassadeur, qui rappelle <a href=\"https:\/\/www.quirinale.it\/elementi\/49354\"><strong>ce que S.E.M. le Pr\u00e9sident de la R\u00e9publique, Sergio Mattarella, a adress\u00e9 hier aux compatriotes<\/strong><\/a>, a \u00e9t\u00e9 accompagn\u00e9 par la merveilleuse\u00a0<a href=\"https:\/\/youtu.be\/ha0sfRFfH-Y\"><strong>repr\u00e9sentation synchrone de l\u2019Hymne de Mameli par l\u2019orchestre et ch\u0153ur de l\u2019Accademia Chigiana<\/strong><\/a>, institution musicale italienne historique de haute formation, bas\u00e9e \u00e0 Sienne.<\/p>\n<p>La journ\u00e9e s\u2019enrichit \u00e9galement avec <strong>les vid\u00e9os de la visite de 5 jours de survol de 21 villes italiennes par les l\u00e9gendaires Frecce Tricolori<\/strong>, en signe d\u2019unit\u00e9, de solidarit\u00e9 et de reprise, qui ont \u00e9t\u00e9 diffus\u00e9es sur les r\u00e9seaux sociaux de l&rsquo;Ambassade (Twitter, Instagram et YouTube).<\/p>\n<p>Enfin, l\u2019Ambassade d\u2019Italie \u00e0 Rabat est heureuse de donner aux compatriotes et amis marocains et mauritaniens, le splendide <a href=\"https:\/\/www.esteri.it\/mae\/resource\/doc\/piazze_in_visibili\/piazze_in_visibili.pdf\"><strong>ebook \u00ab\u00a0Piazze (IN)visibili\u00a0\u00bb<\/strong><\/a>, dans lequel photographes et \u00e9crivains ont racont\u00e9 20 places italiennes &#8211; symbole de notre patrimoine historique et culturel et de l\u2019identit\u00e9 collective de notre pays &#8211; photographi\u00e9es entre fin mars et d\u00e9but mai et d\u00e9crites avec des souvenirs, des suggestions et des r\u00e9flexions, en ce moment historique d\u2019isolement et de \u00ab\u00a0suspension\u00a0\u00bb.<\/p>\n","protected":false},"excerpt":{"rendered":"\u00c0 l\u2019occasion des c\u00e9l\u00e9brations du 2 juin, 74\u00e8me anniversaire de la naissance de la R\u00e9publique Italienne, S.E. l\u2019Ambassadeur d\u2019Italie \u00e0 Rabat, Mme Barbara Bregato, a adress\u00e9 un message-vid\u00e9o aux citoyennes et aux citoyens italiens r\u00e9sidant \u00e0 divers titres au Royaume du Maroc et en la R\u00e9publique islamique de Mauritanie. Le message-vid\u00e9o de l\u2019Ambassadeur, qui rappelle [&hellip;]","protected":false},"author":1,"featured_media":0,"comment_status":"","ping_status":"","sticky":false,"template":"","format":"standard","meta":{"footnotes":""},"tags":[],"class_list":["post-940","post","type-post","status-publish","format-standard","hentry"],"_links":{"self":[{"href":"https:\/\/ambrabat.esteri.it\/fr\/wp-json\/wp\/v2\/posts\/940","targetHints":{"allow":["GET"]}}],"collection":[{"href":"https:\/\/ambrabat.esteri.it\/fr\/wp-json\/wp\/v2\/posts"}],"about":[{"href":"https:\/\/ambrabat.esteri.it\/fr\/wp-json\/wp\/v2\/types\/post"}],"author":[{"embeddable":true,"href":"https:\/\/ambrabat.esteri.it\/fr\/wp-json\/wp\/v2\/users\/1"}],"replies":[{"embeddable":true,"href":"https:\/\/ambrabat.esteri.it\/fr\/wp-json\/wp\/v2\/comments?post=940"}],"version-history":[{"count":0,"href":"https:\/\/ambrabat.esteri.it\/fr\/wp-json\/wp\/v2\/posts\/940\/revisions"}],"wp:attachment":[{"href":"https:\/\/ambrabat.esteri.it\/fr\/wp-json\/wp\/v2\/media?parent=940"}],"wp:term":[{"taxonomy":"post_tag","embeddable":true,"href":"https:\/\/ambrabat.esteri.it\/fr\/wp-json\/wp\/v2\/tags?post=940"}],"curies":[{"name":"wp","href":"https:\/\/api.w.org\/{rel}","templated":true}]}}