{"id":945,"date":"2020-06-01T18:30:10","date_gmt":"2020-06-01T17:30:10","guid":{"rendered":"https:\/\/ambrabat.esteri.it\/news\/dall_ambasciata\/2020\/06\/festa-nazionale-74-anniversario-2\/"},"modified":"2020-06-01T18:30:10","modified_gmt":"2020-06-01T17:30:10","slug":"festa-nazionale-74-anniversario-2","status":"publish","type":"post","link":"https:\/\/ambrabat.esteri.it\/fr\/news\/dall_ambasciata\/2020\/06\/festa-nazionale-74-anniversario-2\/","title":{"rendered":"F\u00eate de la R\u00e9publique &#8211; 74\u00e8me anniversaire de la naissance de la R\u00e9publique italienne &#8211; programme (1-2 juin 2020)."},"content":{"rendered":"<p>Malgr\u00e9 l\u2019urgence sanitaire de Covid-19, cette ann\u00e9e aussi l\u2019Ambassade d\u2019Italie \u00e0 Rabat c\u00e9l\u00e9brera le 2 juin, la F\u00eate nationale italienne, avec ses compatriotes au Maroc et en Mauritanie et ses amies et amis marocains et mauritaniens.<\/p>\n<p>M\u00eame en vertu des r\u00e8gles appropri\u00e9es sur l\u2019espacement social,<strong> le 74\u00e8me anniversaire de la naissance de la R\u00e9publique italienne sera pour la premi\u00e8re fois enti\u00e8rement num\u00e9rique<\/strong> et sera c\u00e9l\u00e9br\u00e9 avec la cr\u00e9ativit\u00e9 italienne habituelle sur les r\u00e9seaux sociaux de l\u2019Ambassade, Twitter et Instagram, avec un\u00a0programme charg\u00e9.<\/p>\n<p>On commencera d\u00e8s le 1 juin avec le streaming direct sur le site du Quirinale (www.quirinale.it) du <strong>\u00ab\u00a0Concert d\u00e9di\u00e9 aux victimes du coronavirus\u00a0\u00bb<\/strong> qui se d\u00e9roulera chez les Giardini del Quirinale \u00e0 partir de 18h45 (17.45 marocains) en pr\u00e9sence de <strong>S.E. Monsieur le Pr\u00e9sident de la R\u00e9publique, Sergio Mattarella, qui adressera \u00e9galement un message aux t\u00e9l\u00e9spectateurs<\/strong>.<\/p>\n<p>Les \u00e9v\u00e9nements se poursuivront le 2 juin avec<strong> une splendide repr\u00e9sentation synchrone de l\u2019Hymne national par l\u2019orchestre et ch\u0153ur de l\u2019Accademia Chigiana<\/strong>, institution musicale italienne historique de haute formation, bas\u00e9e \u00e0 Siena. L\u2019ex\u00e9cution a impliqu\u00e9 108 musiciens parmi \u00e9l\u00e8ves, professeurs et collaborateurs de l\u2019Acad\u00e9mie, parmi lesquels des grands noms de la musique classique internationale comme Salvatore Accardo, Bruno Giuranna, Antonio Meneses, David Geringas, Alessandro Carbonare, Pino Ettorre, Luca Sanz\u00f2, Francesco Dillon, Matteo Cesari, Paolo Ravaglia, Giulio Rovighi et le Quartetto Nous.<\/p>\n<p>Elle sera suivie par le <strong>message vid\u00e9o aux compatriotes de S.E. l\u2019Ambassadeur d\u2019Italie au Maroc et en Mauritanie, Mme Barbara Bregato<\/strong>, au terme duquel seront lanc\u00e9es sur les r\u00e9seaux sociaux des <strong>vid\u00e9os sur la tourn\u00e9e de 5 jours de survol sur 21 villes italiennes par les l\u00e9gendaires Frecce Tricolori<\/strong>, en signe d\u2019unit\u00e9, de solidarit\u00e9 et de reprise.<\/p>\n<p>Nous conclurons notre F\u00eate Nationale avec <strong>un magnifique cadeau num\u00e9rique, l\u2019ebook \u00ab\u00a0Piazze (IN)visibili\u00a0\u00bb.<\/strong><\/p>\n","protected":false},"excerpt":{"rendered":"Malgr\u00e9 l\u2019urgence sanitaire de Covid-19, cette ann\u00e9e aussi l\u2019Ambassade d\u2019Italie \u00e0 Rabat c\u00e9l\u00e9brera le 2 juin, la F\u00eate nationale italienne, avec ses compatriotes au Maroc et en Mauritanie et ses amies et amis marocains et mauritaniens. M\u00eame en vertu des r\u00e8gles appropri\u00e9es sur l\u2019espacement social, le 74\u00e8me anniversaire de la naissance de la R\u00e9publique italienne [&hellip;]","protected":false},"author":1,"featured_media":0,"comment_status":"","ping_status":"","sticky":false,"template":"","format":"standard","meta":{"footnotes":""},"tags":[],"class_list":["post-945","post","type-post","status-publish","format-standard","hentry"],"_links":{"self":[{"href":"https:\/\/ambrabat.esteri.it\/fr\/wp-json\/wp\/v2\/posts\/945","targetHints":{"allow":["GET"]}}],"collection":[{"href":"https:\/\/ambrabat.esteri.it\/fr\/wp-json\/wp\/v2\/posts"}],"about":[{"href":"https:\/\/ambrabat.esteri.it\/fr\/wp-json\/wp\/v2\/types\/post"}],"author":[{"embeddable":true,"href":"https:\/\/ambrabat.esteri.it\/fr\/wp-json\/wp\/v2\/users\/1"}],"replies":[{"embeddable":true,"href":"https:\/\/ambrabat.esteri.it\/fr\/wp-json\/wp\/v2\/comments?post=945"}],"version-history":[{"count":0,"href":"https:\/\/ambrabat.esteri.it\/fr\/wp-json\/wp\/v2\/posts\/945\/revisions"}],"wp:attachment":[{"href":"https:\/\/ambrabat.esteri.it\/fr\/wp-json\/wp\/v2\/media?parent=945"}],"wp:term":[{"taxonomy":"post_tag","embeddable":true,"href":"https:\/\/ambrabat.esteri.it\/fr\/wp-json\/wp\/v2\/tags?post=945"}],"curies":[{"name":"wp","href":"https:\/\/api.w.org\/{rel}","templated":true}]}}