{"id":971,"date":"2020-03-17T14:34:16","date_gmt":"2020-03-17T13:34:16","guid":{"rendered":"https:\/\/ambrabat.esteri.it\/news\/dall_ambasciata\/2020\/03\/covid-19-erogazione-servizi-consolari-2\/"},"modified":"2020-03-17T14:34:16","modified_gmt":"2020-03-17T13:34:16","slug":"covid-19-erogazione-servizi-consolari-2","status":"publish","type":"post","link":"https:\/\/ambrabat.esteri.it\/fr\/news\/dall_ambasciata\/2020\/03\/covid-19-erogazione-servizi-consolari-2\/","title":{"rendered":"COVID-19: Prestation de services consulaires."},"content":{"rendered":"<p><strong>SERVICES CONSULAIRES<\/strong><\/p>\n<p>Nous informons les usagers que, afin de garantir la protection du risque de contagion du COVID-19, \u00e0 partir du 17\/03\/2020, les services consulaires seront fournis, jusqu\u2019\u00e0 nouvel ordre, seulement et exclusivement pour les cas d\u2019urgence av\u00e9r\u00e9e relatifs \u00e0:<\/p>\n<ul>\n<li>Passeports en \u00e9ch\u00e9ance ;<\/li>\n<li>ETD (documents de voyage d\u2019urgence) ;<\/li>\n<li>L\u00e9galisation de documentation dont le traitement imm\u00e9diat devra \u00eatre d\u00fbment justifi\u00e9.<\/li>\n<\/ul>\n<p>Les usagers sont pri\u00e9s de v\u00e9rifier la n\u00e9cessit\u00e9 de b\u00e9n\u00e9ficier desdits services consulaires ou autres sur demande, \u00e0 travers un e-mail \u00e0 l\u2019adresse suivante: <a href=\"mailto:consolare.rabat@esteri.it\">consolare.rabat@esteri.it<\/a><\/p>\n<p>Seulement \u00e0 la suite de la r\u00e9ception de la communication, la Chancellerie Consulaire \u00e9valuera la demande et accordera un rendez-vous aupr\u00e8s de l\u2019Ambassade, compatible avec le nombre limit\u00e9 de places disponibles.<\/p>\n<p>Nous vous informons, en outre, que, \u00e0 l\u2019entr\u00e9e de l\u2019Ambassade, sera effectu\u00e9 un contr\u00f4le de la temp\u00e9rature corporelle. Tous ceux qui pr\u00e9senteront des sympt\u00f4mes seront invit\u00e9s \u00e0 se pr\u00e9senter ult\u00e9rieurement.<\/p>\n<p>\u00a0<\/p>\n<p><strong>VISA<\/strong><\/p>\n<p>En se conformant aux <a href=\"resource\/doc\/2020\/03\/celex_52020dc0115_fr_txt.pdf\"><strong>lignes directrices<\/strong><\/a> approuv\u00e9es le 16 mars 2020 par le Conseil Europ\u00e9en pour l\u2019introduction de mesures restrictives des voyages non essentiels vers la zone UE + (espace Schengen et les quatre pays associ\u00e9s) des ressortissants des Pays Tiers, comme r\u00e9ponse europ\u00e9enne \u00e0 la pand\u00e9mie du COVID-19, l\u2019Ambassade d\u2019Italie \u00e0 Rabat a limit\u00e9, jusqu\u2019\u00e0 nouvel ordre, l\u2019octroi de visas Schengen et nationaux seulement et exclusivement aux cat\u00e9gories suivantes:<\/p>\n<ul>\n<li>les op\u00e9rateurs et chercheurs sanitaires et les professionnels d\u2019assistance aux personnes \u00e2g\u00e9es;<\/li>\n<li>les travailleurs frontaliers;<\/li>\n<li>le personnel de transports;<\/li>\n<li>les diplomates, le personnel des organisations internationales, le personnel militaire et op\u00e9rateurs humanitaires dans l\u2019exercice de leurs fonctions;<\/li>\n<li>les passagers en transit;<\/li>\n<li>les passagers qui voyagent pour des raisons familiales imp\u00e9ratives;<\/li>\n<li>les personnes n\u00e9cessitant une protection internationale.<\/li>\n<\/ul>\n<p>Les usagers sont pri\u00e9s d\u2019envoyer un e-mail dans lequel ils attestent leur appartenance \u00e0 l\u2019une des cat\u00e9gories susmentionn\u00e9es, \u00e0 l\u2019adresse \u00e9lectronique: <strong><a href=\"mailto:visa.rabat@esteri.it\">visa.rabat@esteri.it<\/a><\/strong><\/p>\n<p>Il est \u00e0 signaler \u00e9galement la suspension, jusqu\u2019\u00e0 nouvel ordre, de l\u2019accord avec Malte pour l\u2019\u00e9mission des visas de court s\u00e9jour.<\/p>\n","protected":false},"excerpt":{"rendered":"SERVICES CONSULAIRES Nous informons les usagers que, afin de garantir la protection du risque de contagion du COVID-19, \u00e0 partir du 17\/03\/2020, les services consulaires seront fournis, jusqu\u2019\u00e0 nouvel ordre, seulement et exclusivement pour les cas d\u2019urgence av\u00e9r\u00e9e relatifs \u00e0: Passeports en \u00e9ch\u00e9ance ; ETD (documents de voyage d\u2019urgence) ; L\u00e9galisation de documentation dont le [&hellip;]","protected":false},"author":1,"featured_media":0,"comment_status":"","ping_status":"","sticky":false,"template":"","format":"standard","meta":{"footnotes":""},"tags":[],"class_list":["post-971","post","type-post","status-publish","format-standard","hentry"],"_links":{"self":[{"href":"https:\/\/ambrabat.esteri.it\/fr\/wp-json\/wp\/v2\/posts\/971","targetHints":{"allow":["GET"]}}],"collection":[{"href":"https:\/\/ambrabat.esteri.it\/fr\/wp-json\/wp\/v2\/posts"}],"about":[{"href":"https:\/\/ambrabat.esteri.it\/fr\/wp-json\/wp\/v2\/types\/post"}],"author":[{"embeddable":true,"href":"https:\/\/ambrabat.esteri.it\/fr\/wp-json\/wp\/v2\/users\/1"}],"replies":[{"embeddable":true,"href":"https:\/\/ambrabat.esteri.it\/fr\/wp-json\/wp\/v2\/comments?post=971"}],"version-history":[{"count":0,"href":"https:\/\/ambrabat.esteri.it\/fr\/wp-json\/wp\/v2\/posts\/971\/revisions"}],"wp:attachment":[{"href":"https:\/\/ambrabat.esteri.it\/fr\/wp-json\/wp\/v2\/media?parent=971"}],"wp:term":[{"taxonomy":"post_tag","embeddable":true,"href":"https:\/\/ambrabat.esteri.it\/fr\/wp-json\/wp\/v2\/tags?post=971"}],"curies":[{"name":"wp","href":"https:\/\/api.w.org\/{rel}","templated":true}]}}