{"id":977,"date":"2020-03-11T12:45:59","date_gmt":"2020-03-11T11:45:59","guid":{"rendered":"https:\/\/ambrabat.esteri.it\/news\/dall_ambasciata\/2020\/03\/covid-19-visti-di-ingresso-in-italia-2\/"},"modified":"2020-03-11T12:45:59","modified_gmt":"2020-03-11T11:45:59","slug":"covid-19-visti-di-ingresso-in-italia-2","status":"publish","type":"post","link":"https:\/\/ambrabat.esteri.it\/fr\/news\/dall_ambasciata\/2020\/03\/covid-19-visti-di-ingresso-in-italia-2\/","title":{"rendered":"COVID-19: limitation de l&rsquo;octroi de visas d\u2019entr\u00e9e en Italie."},"content":{"rendered":"<p>En se conformant aux <a href=\"resource\/doc\/2020\/03\/celex_52020dc0115_fr_txt.pdf\"><strong>lignes directrices<\/strong><\/a> approuv\u00e9es le 16 mars 2020 par le Conseil Europ\u00e9en pour l\u2019introduction de mesures restrictives des voyages non essentiels vers la zone UE + (espace Schengen et les quatre pays associ\u00e9s) des ressortissants des Pays Tiers, comme r\u00e9ponse europ\u00e9enne \u00e0 la pand\u00e9mie du COVID-19, l\u2019Ambassade d\u2019Italie \u00e0 Rabat a limit\u00e9, jusqu\u2019\u00e0 nouvel ordre, l\u2019octroi de visas Schengen et nationaux seulement et exclusivement aux cat\u00e9gories suivantes:<\/p>\n<ul>\n<li>les op\u00e9rateurs et chercheurs sanitaires et les professionnels d\u2019assistance aux personnes \u00e2g\u00e9es;<\/li>\n<li>les travailleurs frontaliers;<\/li>\n<li>le personnel de transports;<\/li>\n<li>les diplomates, le personnel des organisations internationales, le personnel militaire et op\u00e9rateurs humanitaires dans l\u2019exercice de leurs fonctions;<\/li>\n<li>les passagers en transit;<\/li>\n<li>les passagers qui voyagent pour des raisons familiales imp\u00e9ratives;<\/li>\n<li>les personnes n\u00e9cessitant une protection internationale.<\/li>\n<\/ul>\n<p>Les usagers sont pri\u00e9s d\u2019envoyer un e-mail dans lequel ils attestent leur appartenance \u00e0 l\u2019une des cat\u00e9gories susmentionn\u00e9es, \u00e0 l\u2019adresse \u00e9lectronique: <a href=\"mailto:visa.rabat@esteri.it\">visa.rabat@esteri.it<\/a><\/p>\n<p>Il est \u00e0 signaler \u00e9galement la suspension, jusqu\u2019\u00e0 nouvel ordre, de l\u2019accord avec Malte pour l\u2019\u00e9mission des visas de court s\u00e9jour.<\/p>\n","protected":false},"excerpt":{"rendered":"En se conformant aux lignes directrices approuv\u00e9es le 16 mars 2020 par le Conseil Europ\u00e9en pour l\u2019introduction de mesures restrictives des voyages non essentiels vers la zone UE + (espace Schengen et les quatre pays associ\u00e9s) des ressortissants des Pays Tiers, comme r\u00e9ponse europ\u00e9enne \u00e0 la pand\u00e9mie du COVID-19, l\u2019Ambassade d\u2019Italie \u00e0 Rabat a limit\u00e9, [&hellip;]","protected":false},"author":1,"featured_media":0,"comment_status":"","ping_status":"","sticky":false,"template":"","format":"standard","meta":{"footnotes":""},"tags":[],"class_list":["post-977","post","type-post","status-publish","format-standard","hentry"],"_links":{"self":[{"href":"https:\/\/ambrabat.esteri.it\/fr\/wp-json\/wp\/v2\/posts\/977","targetHints":{"allow":["GET"]}}],"collection":[{"href":"https:\/\/ambrabat.esteri.it\/fr\/wp-json\/wp\/v2\/posts"}],"about":[{"href":"https:\/\/ambrabat.esteri.it\/fr\/wp-json\/wp\/v2\/types\/post"}],"author":[{"embeddable":true,"href":"https:\/\/ambrabat.esteri.it\/fr\/wp-json\/wp\/v2\/users\/1"}],"replies":[{"embeddable":true,"href":"https:\/\/ambrabat.esteri.it\/fr\/wp-json\/wp\/v2\/comments?post=977"}],"version-history":[{"count":0,"href":"https:\/\/ambrabat.esteri.it\/fr\/wp-json\/wp\/v2\/posts\/977\/revisions"}],"wp:attachment":[{"href":"https:\/\/ambrabat.esteri.it\/fr\/wp-json\/wp\/v2\/media?parent=977"}],"wp:term":[{"taxonomy":"post_tag","embeddable":true,"href":"https:\/\/ambrabat.esteri.it\/fr\/wp-json\/wp\/v2\/tags?post=977"}],"curies":[{"name":"wp","href":"https:\/\/api.w.org\/{rel}","templated":true}]}}