{"id":1188,"date":"2017-06-28T15:12:13","date_gmt":"2017-06-28T14:12:13","guid":{"rendered":"https:\/\/ambrabat.esteri.it\/news\/dall_ambasciata\/2017\/06\/inaugurazione-mostra-le-maroc-du\/"},"modified":"2017-06-28T15:12:13","modified_gmt":"2017-06-28T14:12:13","slug":"inaugurazione-mostra-le-maroc-du","status":"publish","type":"post","link":"https:\/\/ambrabat.esteri.it\/it\/news\/dall_ambasciata\/2017\/06\/inaugurazione-mostra-le-maroc-du\/","title":{"rendered":"Inaugurazione Mostra \u00ab Le Maroc du XXeme si\u00e8cle : impressions et souvenirs des explorateurs italiens \u00bb. Biblioteca Nazionale di Rabat, 6 luglio ore 19"},"content":{"rendered":"<p style=\"text-align: justify;\">L\u2019Ambasciata d\u2019Italia e l\u2019Istituto Italiano di Cultura organizzano la mostra \u00ab le Maroc du XXeme si\u00e8cle: impressions et souvenirs des explorateurs italiens \u00bb che sar\u00e0 inaugurata il prossimo 6 luglio alla Biblioteca Nazionale di Rabat e che verr\u00e0 successivamente esibita anche a Casablanca, Beni Mellal et Marrakech. La mostra \u00e8 realizzata in collaborazione con la Societ\u00e0 Geografica Italiana che possiede, presso i propri archivi a Roma, straordinarie immagini del Marocco. La collezione di fotografie che sar\u00e0 esposta a Rabat si focalizza in particolare sulle impressioni degli esploratori italiani inviati dall\u2019allora Regno d\u2019Italia in Marocco agli inizi del 1900, nel quadro di una missione diplomatica volta a stabilire dei primi contatti tra il giovane Stato italiano, unificato nel 1861, e il Regno del Marocco.<\/p>\n","protected":false},"excerpt":{"rendered":"L\u2019Ambasciata d\u2019Italia e l\u2019Istituto Italiano di Cultura organizzano la mostra \u00ab le Maroc du XXeme si\u00e8cle: impressions et souvenirs des explorateurs italiens \u00bb che sar\u00e0 inaugurata il prossimo 6 luglio alla Biblioteca Nazionale di Rabat e che verr\u00e0 successivamente esibita anche a Casablanca, Beni Mellal et Marrakech. La mostra \u00e8 realizzata in collaborazione con la [&hellip;]","protected":false},"author":1,"featured_media":0,"comment_status":"","ping_status":"","sticky":false,"template":"","format":"standard","meta":{"footnotes":""},"tags":[],"class_list":["post-1188","post","type-post","status-publish","format-standard","hentry"],"_links":{"self":[{"href":"https:\/\/ambrabat.esteri.it\/it\/wp-json\/wp\/v2\/posts\/1188","targetHints":{"allow":["GET"]}}],"collection":[{"href":"https:\/\/ambrabat.esteri.it\/it\/wp-json\/wp\/v2\/posts"}],"about":[{"href":"https:\/\/ambrabat.esteri.it\/it\/wp-json\/wp\/v2\/types\/post"}],"author":[{"embeddable":true,"href":"https:\/\/ambrabat.esteri.it\/it\/wp-json\/wp\/v2\/users\/1"}],"replies":[{"embeddable":true,"href":"https:\/\/ambrabat.esteri.it\/it\/wp-json\/wp\/v2\/comments?post=1188"}],"version-history":[{"count":0,"href":"https:\/\/ambrabat.esteri.it\/it\/wp-json\/wp\/v2\/posts\/1188\/revisions"}],"wp:attachment":[{"href":"https:\/\/ambrabat.esteri.it\/it\/wp-json\/wp\/v2\/media?parent=1188"}],"wp:term":[{"taxonomy":"post_tag","embeddable":true,"href":"https:\/\/ambrabat.esteri.it\/it\/wp-json\/wp\/v2\/tags?post=1188"}],"curies":[{"name":"wp","href":"https:\/\/api.w.org\/{rel}","templated":true}]}}