{"id":1203,"date":"2017-05-04T17:13:39","date_gmt":"2017-05-04T16:13:39","guid":{"rendered":"https:\/\/ambrabat.esteri.it\/news\/dall_ambasciata\/2017\/05\/l-italia-premiata-al-salon-international\/"},"modified":"2017-05-04T17:13:39","modified_gmt":"2017-05-04T16:13:39","slug":"l-italia-premiata-al-salon-international","status":"publish","type":"post","link":"https:\/\/ambrabat.esteri.it\/it\/news\/dall_ambasciata\/2017\/05\/l-italia-premiata-al-salon-international\/","title":{"rendered":"L\u2019Italia premiata al Salon International de l\u2019Agriculture au Maroc \u2013 SIAM per il \u201cMigliore Padiglione Nazionale\u201d"},"content":{"rendered":"<p style=\"text-align: justify;\">L\u2019Ambasciatore d\u2019Italia a Rabat, Roberto Natali, ha ritirato a Meknes il premio per il \u201cMiglior Padiglione Nazionale\u201d della dodicesima edizione del \u201cSalon International de l\u2019Agriculture au Maroc\u201d (SIAM). Il trofeo, consegnato dal Principe Moulay Rachid, rappresenta il risultato tangibile dell\u2019azione coordinata ed efficace del Sistema Paese in Marocco e della collaborazione con Verona Fiere che hanno consentito la partecipazione dell\u2019Italia al SIAM in qualit\u00e0 di Paese d\u2019Onore.<\/p>\n<p style=\"text-align: justify;\">Il SIAM, che rappresenta un forum internazionale di grande eco ormai qualificatosi come l&#8217;evento principale &#8211; non solo in Marocco ma nell&#8217;intero continente africano &#8211; nel settore dell&#8217;agricultura, ha dimostrato di saper ben convogliare l&#8217;interesse degli operatori &#8211; nazionali e stranieri &#8211; di settore, con la partecipazione quest\u2019anno di 66 Paesi, la realizzazione di 172.000 m2 di spazi espositivi (per circa 1.230 espositori), una forte presenza istituzionale ed il passaggio di pi\u00f9 di un milione di visitatori.<\/p>\n<p>Sono state circa 60 le <a href=\"\/ambasciata_rabat\/resource\/doc\/2017\/04\/catalogo_siam.pdf\">imprese<\/a> italiane presenti al Salone. Grazie a un\u2019ampia e diffusa copertura mediatica dell\u2019evento, la partecipazione speciale dell\u2019Italia al SIAM 2017 si \u00e9 tradotta in una significativa opportunit\u00e0 di visibilit\u00e0 per le Istituzioni italiane nel Paese e per le aziende partecipanti.<\/p>\n","protected":false},"excerpt":{"rendered":"L\u2019Ambasciatore d\u2019Italia a Rabat, Roberto Natali, ha ritirato a Meknes il premio per il \u201cMiglior Padiglione Nazionale\u201d della dodicesima edizione del \u201cSalon International de l\u2019Agriculture au Maroc\u201d (SIAM). Il trofeo, consegnato dal Principe Moulay Rachid, rappresenta il risultato tangibile dell\u2019azione coordinata ed efficace del Sistema Paese in Marocco e della collaborazione con Verona Fiere che [&hellip;]","protected":false},"author":1,"featured_media":0,"comment_status":"","ping_status":"","sticky":false,"template":"","format":"standard","meta":{"footnotes":""},"tags":[],"class_list":["post-1203","post","type-post","status-publish","format-standard","hentry"],"_links":{"self":[{"href":"https:\/\/ambrabat.esteri.it\/it\/wp-json\/wp\/v2\/posts\/1203","targetHints":{"allow":["GET"]}}],"collection":[{"href":"https:\/\/ambrabat.esteri.it\/it\/wp-json\/wp\/v2\/posts"}],"about":[{"href":"https:\/\/ambrabat.esteri.it\/it\/wp-json\/wp\/v2\/types\/post"}],"author":[{"embeddable":true,"href":"https:\/\/ambrabat.esteri.it\/it\/wp-json\/wp\/v2\/users\/1"}],"replies":[{"embeddable":true,"href":"https:\/\/ambrabat.esteri.it\/it\/wp-json\/wp\/v2\/comments?post=1203"}],"version-history":[{"count":0,"href":"https:\/\/ambrabat.esteri.it\/it\/wp-json\/wp\/v2\/posts\/1203\/revisions"}],"wp:attachment":[{"href":"https:\/\/ambrabat.esteri.it\/it\/wp-json\/wp\/v2\/media?parent=1203"}],"wp:term":[{"taxonomy":"post_tag","embeddable":true,"href":"https:\/\/ambrabat.esteri.it\/it\/wp-json\/wp\/v2\/tags?post=1203"}],"curies":[{"name":"wp","href":"https:\/\/api.w.org\/{rel}","templated":true}]}}