{"id":235,"date":"2023-10-23T14:48:41","date_gmt":"2023-10-23T13:48:41","guid":{"rendered":"https:\/\/ambrabat.esteri.it\/?p=235"},"modified":"2023-10-23T14:48:41","modified_gmt":"2023-10-23T13:48:41","slug":"communique-de-presse","status":"publish","type":"post","link":"https:\/\/ambrabat.esteri.it\/it\/news\/dall_ambasciata\/2023\/10\/communique-de-presse\/","title":{"rendered":"COMMUNIQU\u00c9 DE PRESSE"},"content":{"rendered":"<p>En hommage \u00e0 toutes et tous les victimes du terrible tremblement de terre, le soir du 12 septembre 2023 la colline du Capitole de Michel-Ange \u00e0 Rome a \u00e9t\u00e9 color\u00e9e avec le drapeau marocain.<\/p>\n<p>L&#8217;Italie, frapp\u00e9e \u00e0 plusieurs reprises pour des s\u00e9ismes destructeurs au cours de son histoire, exprime aussi avec ce geste symbolique toute sa solidarit\u00e9 avec le Maroc et le peuple marocain Sur le plan concret, l&#8217;Italie a d\u00e9j\u00e0 pr\u00e9sent\u00e9 une offre importante d&#8217;aide humanitaire, \u00e0 travers les m\u00e9canismes europ\u00e9ens de protection civile et directement, pour faire face aux urgences sanitaires, de logement, logistiques, routi\u00e8res et pour la sauvegarde du patrimoine culturel.<\/p>\n","protected":false},"excerpt":{"rendered":"En hommage \u00e0 toutes et tous les victimes du terrible tremblement de terre, le soir du 12 septembre 2023 la colline du Capitole de Michel-Ange \u00e0 Rome a \u00e9t\u00e9 color\u00e9e avec le drapeau marocain. L&#8217;Italie, frapp\u00e9e \u00e0 plusieurs reprises pour des s\u00e9ismes destructeurs au cours de son histoire, exprime aussi avec ce geste symbolique toute [&hellip;]","protected":false},"author":1,"featured_media":0,"comment_status":"closed","ping_status":"closed","sticky":false,"template":"","format":"standard","meta":{"footnotes":""},"tags":[],"class_list":["post-235","post","type-post","status-publish","format-standard","hentry"],"_links":{"self":[{"href":"https:\/\/ambrabat.esteri.it\/it\/wp-json\/wp\/v2\/posts\/235","targetHints":{"allow":["GET"]}}],"collection":[{"href":"https:\/\/ambrabat.esteri.it\/it\/wp-json\/wp\/v2\/posts"}],"about":[{"href":"https:\/\/ambrabat.esteri.it\/it\/wp-json\/wp\/v2\/types\/post"}],"author":[{"embeddable":true,"href":"https:\/\/ambrabat.esteri.it\/it\/wp-json\/wp\/v2\/users\/1"}],"replies":[{"embeddable":true,"href":"https:\/\/ambrabat.esteri.it\/it\/wp-json\/wp\/v2\/comments?post=235"}],"version-history":[{"count":1,"href":"https:\/\/ambrabat.esteri.it\/it\/wp-json\/wp\/v2\/posts\/235\/revisions"}],"predecessor-version":[{"id":237,"href":"https:\/\/ambrabat.esteri.it\/it\/wp-json\/wp\/v2\/posts\/235\/revisions\/237"}],"wp:attachment":[{"href":"https:\/\/ambrabat.esteri.it\/it\/wp-json\/wp\/v2\/media?parent=235"}],"wp:term":[{"taxonomy":"post_tag","embeddable":true,"href":"https:\/\/ambrabat.esteri.it\/it\/wp-json\/wp\/v2\/tags?post=235"}],"curies":[{"name":"wp","href":"https:\/\/api.w.org\/{rel}","templated":true}]}}