{"id":2971,"date":"2025-12-05T10:57:06","date_gmt":"2025-12-05T09:57:06","guid":{"rendered":"https:\/\/ambrabat.esteri.it\/?p=2971"},"modified":"2025-12-05T15:39:25","modified_gmt":"2025-12-05T14:39:25","slug":"comunicato-stampa-celebrazioni-per-i-2500-anni-della-fondazione-di-napoli-mostra-arte-dal-vulcano","status":"publish","type":"post","link":"https:\/\/ambrabat.esteri.it\/it\/news\/dall_ambasciata\/2025\/12\/comunicato-stampa-celebrazioni-per-i-2500-anni-della-fondazione-di-napoli-mostra-arte-dal-vulcano\/","title":{"rendered":"COMUNICATO STAMPA &#8211; Celebrazioni per i 2500 anni della fondazione di Napoli \u2013 Mostra &#8220;Arte dal Vulcano&#8221;"},"content":{"rendered":"<p>In occasione dei <strong>2500 anni dalla fondazione di Napoli<\/strong>, l\u2019Ambasciata d\u2019Italia nel Regno del Marocco e l\u2019Istituto Italiano di Cultura di Rabat, di concerto con il Ministero degli Affari Esteri e della Cooperazione Internazionale e sotto l\u2019egida del Comitato Nazionale Neapolis 2500, presentano la mostra &#8220;<strong>Arte dal Vulcano<\/strong>&#8220;, che aprir\u00e0 le sue porte luned\u00ec <strong>8 dicembre 2025<\/strong> al <strong>Palazzo delle Istituzioni Italiane di Tangeri<\/strong> e rester\u00e0 visitabile fino all\u201911 gennaio 2026.<\/p>\n<p>La mostra racconta la vitalit\u00e0 e la continuit\u00e0 della tradizione artistica napoletana e campana, con opere dal dopoguerra ad oggi.\u00a0Il titolo evocativo richiama il Vesuvio come simbolo di energia, creativit\u00e0 e capacit\u00e0 di rigenerazione, caratteristiche che hanno da sempre contraddistinto la produzione artistica della citt\u00e0 di Napoli.<\/p>\n<p>La curatela scientifica \u00e8 affidata ad <strong>Angela Tecce<\/strong>, Presidente della Fondazione Donnaregina per le Arti contemporanee &#8211; Museo Madre e a <strong>Claudia Borrelli<\/strong>, Funzionaria Responsabile della collezione del Museo del Novecento a Napoli a Castel Sant\u2019Elmo che hanno concepito un percorso espositivo capace di valorizzare la pluralit\u00e0 di linguaggi e visioni del territorio campano, offrendo al pubblico internazionale uno sguardo aggiornato sulla scena artistica napoletana.<\/p>\n<p>Il percorso espositivo comprende <strong>29 opere<\/strong> <strong>tra dipinti, sculture, fotografie ed installazioni<\/strong>, provenienti dalle collezioni pubbliche napoletane <strong>Madre \u2013 Museo d\u2019Arte Contemporanea Donnaregina<\/strong> e <strong>Museo del Novecento a Castel Sant\u2019Elmo<\/strong>, firmate da alcuni degli artisti contemporanei pi\u00f9 rappresentativi: Marisa Albanese, Carlo Alfano, Antonio Biasiucci, Paolo Bini, Tomaso Binga, Diego Cibelli, Alessandra Cianelli, Francesco Clemente, Giulio Delv\u00e8, Maria Adele Del Vecchio, Sergio Fermariello, Eugenio Giliberti, Mimmo Jodice, Nino Longobardi, Luigi Mainolfi, Domenico Antonio Mancini, Giuseppe Maraniello, Raffaela Mariniello, Umberto Manzo, Raffaela Naldi Rossano, Mimmo Paladino, Giulia Piscitelli, Paolo Puddu, Luciano Romano, Rosy Rox, Marinella Senatore, Lorenzo Scotto di Luzio ed Ernesto Tatafiore.<\/p>\n<p>L\u2019inaugurazione sar\u00e0 accompagnata da un momento musicale che intreccia arte e tradizione: la voce di <strong>Emilia Zamuner<\/strong> e la chitarra di <strong>Alessandro Morlando<\/strong> interpreteranno brani del classico napoletano, grazie alla collaborazione con il <strong>CIDIM \u2013 Comitato Nazionale Italiano Musica<\/strong> ed al sostegno del <strong>Ministero della Cultura<\/strong>.<\/p>\n<p>L\u2019esposizione si inserisce nel contesto simbolico del <strong>Bicentenario delle Relazioni Diplomatiche tra Italia e Marocco<\/strong>, rafforzando il legame culturale profondo tra i due Paesi.\u00a0\u00a0&#8220;Arte dal Vulcano&#8221; rappresenta cos\u00ec un\u2019importante occasione di diplomazia culturale, promuovendo all\u2019estero la conoscenza del patrimonio creativo italiano e dei musei che lo custodiscono.<\/p>\n<p>La scelta del <strong>Palazzo delle Istituzioni Italiane di Tangeri<\/strong>, gioiello di architettura moresca, conferisce all\u2019esposizione un valore simbolico particolare: un luogo di incontro dove la memoria di Napoli, con la sua energia inesauribile, dialoga con la vitalit\u00e0 cosmopolita di Tangeri, citt\u00e0 custode di mille suggestioni e tradizioni mediterranee.<\/p>\n<p>&nbsp;<\/p>\n<p><strong>S.E. Pasquale Salzano, Ambasciatore d\u2019Italia nel Regno del Marocco, afferma<\/strong>:<\/p>\n<p>\u00ab\u00a0Con \u201cArte dal Vulcano\u201d celebriamo non solo i 2500 anni della fondazione di Napoli, ma anche la straordinaria vitalit\u00e0 della sua scena artistica contemporanea, capace di rinnovarsi senza mai perdere il legame con radici millenarie. \u00c8 un omaggio alla creativit\u00e0 italiana che nasce da una terra forte, intensa e aperta al mondo. Presentare questa mostra a Tangeri, nel cuore delle celebrazioni per il Bicentenario delle relazioni diplomatiche tra Italia e Marocco, significa valorizzare un dialogo culturale profondo, fondato su una storia condivisa, sul Mediterraneo e su uno sguardo comune verso il futuro\u00a0\u00bb.<\/p>\n<p>&nbsp;<\/p>\n<p><strong>Il Prefetto di Napoli Michele di Bari, Presidente del Comitato Nazionale Neapolis 2500, asserisce:<\/strong><\/p>\n<p>\u201cCon grande orgoglio portiamo, insieme al Ministero degli Affari Esteri e della Cooperazione Internazionale, il valore di Napoli nel mondo. Un valore che risiede nella creativit\u00e0, nell\u2019arte e nell\u2019immaginazione di chi vive quotidianamente la realt\u00e0 di una citt\u00e0 capace di ispirare bellezza, integrazione e solidariet\u00e0. Il simbolo del vulcano evocato in questa mostra riporta all\u2019energia e al dinamismo che da sempre contraddistingue le persone che rendono unica questa terra magica\u201d.<\/p>\n<p>&nbsp;<\/p>\n<p><strong>La Direttrice Carmela Callea dell\u2019Istituto Italiano di Cultura di Rabat afferma<\/strong>:<\/p>\n<p>\u00abL\u2019Istituto Italiano di Cultura di Rabat \u00e8 particolarmente felice di poter realizzare nell\u2019ambito delle celebrazioni per i 2500 anni della fondazione di Neapolis, questa mostra dedicata all\u2019attuale produzione artistica che dimostra come l\u2019arte italiana pur mantenendo il dialogo con la sua tradizione continua ad evolversi. La mostra si propone come momento di riflessione sull\u2019arte campana e napoletana che possiede una energia dinamica tale da poter interagire con forme di arte oltre i confini geografici e temporali\u00bb.<\/p>\n","protected":false},"excerpt":{"rendered":"In occasione dei 2500 anni dalla fondazione di Napoli, l\u2019Ambasciata d\u2019Italia nel Regno del Marocco e l\u2019Istituto Italiano di Cultura di Rabat, di concerto con il Ministero degli Affari Esteri e della Cooperazione Internazionale e sotto l\u2019egida del Comitato Nazionale Neapolis 2500, presentano la mostra &#8220;Arte dal Vulcano&#8220;, che aprir\u00e0 le sue porte luned\u00ec 8 [&hellip;]","protected":false},"author":4,"featured_media":0,"comment_status":"closed","ping_status":"closed","sticky":false,"template":"","format":"standard","meta":{"footnotes":""},"tags":[],"class_list":["post-2971","post","type-post","status-publish","format-standard","hentry"],"_links":{"self":[{"href":"https:\/\/ambrabat.esteri.it\/it\/wp-json\/wp\/v2\/posts\/2971","targetHints":{"allow":["GET"]}}],"collection":[{"href":"https:\/\/ambrabat.esteri.it\/it\/wp-json\/wp\/v2\/posts"}],"about":[{"href":"https:\/\/ambrabat.esteri.it\/it\/wp-json\/wp\/v2\/types\/post"}],"author":[{"embeddable":true,"href":"https:\/\/ambrabat.esteri.it\/it\/wp-json\/wp\/v2\/users\/4"}],"replies":[{"embeddable":true,"href":"https:\/\/ambrabat.esteri.it\/it\/wp-json\/wp\/v2\/comments?post=2971"}],"version-history":[{"count":1,"href":"https:\/\/ambrabat.esteri.it\/it\/wp-json\/wp\/v2\/posts\/2971\/revisions"}],"predecessor-version":[{"id":2973,"href":"https:\/\/ambrabat.esteri.it\/it\/wp-json\/wp\/v2\/posts\/2971\/revisions\/2973"}],"wp:attachment":[{"href":"https:\/\/ambrabat.esteri.it\/it\/wp-json\/wp\/v2\/media?parent=2971"}],"wp:term":[{"taxonomy":"post_tag","embeddable":true,"href":"https:\/\/ambrabat.esteri.it\/it\/wp-json\/wp\/v2\/tags?post=2971"}],"curies":[{"name":"wp","href":"https:\/\/api.w.org\/{rel}","templated":true}]}}