{"id":3038,"date":"2026-01-09T17:58:40","date_gmt":"2026-01-09T16:58:40","guid":{"rendered":"https:\/\/ambrabat.esteri.it\/?p=3038"},"modified":"2026-01-09T18:04:09","modified_gmt":"2026-01-09T17:04:09","slug":"chiusura-della-mostra-arte-dal-vulcano-a-tangeri-le-voci-delle-donne-nel-mediterraneo-suggellano-un-dialogo-culturale-tra-napoli-e-tangeri-in-occasione-del-2500-anniversario-di-napoli-e-de","status":"publish","type":"post","link":"https:\/\/ambrabat.esteri.it\/it\/news\/dall_ambasciata\/2026\/01\/chiusura-della-mostra-arte-dal-vulcano-a-tangeri-le-voci-delle-donne-nel-mediterraneo-suggellano-un-dialogo-culturale-tra-napoli-e-tangeri-in-occasione-del-2500-anniversario-di-napoli-e-de\/","title":{"rendered":"Chiusura della mostra &#8220;Arte dal Vulcano&#8221; a Tangeri &#8211; Le voci delle donne nel Mediterraneo suggellano un dialogo culturale tra Napoli e Tangeri in occasione del 2500\u00b0 anniversario di Napoli e del Bicentenario delle relazioni Italia-Marocco"},"content":{"rendered":"<p><img loading=\"lazy\" decoding=\"async\" class=\" wp-image-3040 img-fluid aligncenter\" src=\"https:\/\/ambrabat.esteri.it\/wp-content\/uploads\/2026\/01\/aas-300x225.jpg\" alt=\"\" width=\"401\" height=\"301\" srcset=\"https:\/\/ambrabat.esteri.it\/wp-content\/uploads\/2026\/01\/aas-300x225.jpg 300w, https:\/\/ambrabat.esteri.it\/wp-content\/uploads\/2026\/01\/aas-1024x767.jpg 1024w, https:\/\/ambrabat.esteri.it\/wp-content\/uploads\/2026\/01\/aas-768x576.jpg 768w, https:\/\/ambrabat.esteri.it\/wp-content\/uploads\/2026\/01\/aas.jpg 1600w\" sizes=\"auto, (max-width: 401px) 100vw, 401px\" \/><\/p>\n<p>&nbsp;<\/p>\n<p>Domenica 11 gennaio 2026, il <strong>Palazzo delle Istituzioni Italiane (Palazzo Moulay Hafid) a Tangeri<\/strong> ospiter\u00e0 la <strong>cerimonia di chiusura della mostra \u201cArte dal Vulcano\u201d<\/strong>, inaugurata l\u20198 dicembre 2025. L\u2019iniziativa, promossa sotto l\u2019egida del <strong>Comitato Nazionale Neapolis 2500<\/strong>, si inserisce nell\u2019ambito delle celebrazioni del <strong>2500\u00b0 anniversario della fondazione di Napoli <\/strong>e del <strong>Bicentenario delle relazioni diplomatiche tra Italia e Marocco<\/strong>, due ricorrenze che testimoniano la profondit\u00e0 dei legami culturali tra i due Paesi.<\/p>\n<p><strong>Splendore artistico nel cuore di Tangeri<\/strong><\/p>\n<p>La mostra, attraverso opere provenienti dalle collezioni del <strong>Museo Madre<\/strong> e del <strong>Museo Novecento di Napoli<\/strong>, ha offerto per oltre un mese una variegata panoramica della <strong>creativit\u00e0 contemporanea napoletana e campana<\/strong>, trasformando il sontuoso Palazzo delle Istituzioni Italiane in un eccezionale <strong>luogo di incontro e scambio culturale tra le due rive del Mediterraneo<\/strong>.<br \/>\nL\u2019iniziativa ha registrato nel suo complesso <strong>oltre 1.200 visitatori<\/strong>, tra cittadini marocchini, turisti internazionali e operatori culturali, confermando il forte interesse suscitato dal progetto e l\u2019eccezionale valore artistico dell\u2019esposizione.<\/p>\n<p><strong>Il concerto: un ponte tra le culture mediterranee<\/strong><\/p>\n<p>A suggellare la conclusione della mostra, la cerimonia sar\u00e0 accompagnata dal concerto <strong>\u201cIl Canto delle donne mediterranee: un ponte tra le culture\u201d<\/strong>, realizzato dall\u2019<strong>Ambasciata d\u2019Italia nel Regno del Marocco<\/strong> e dall\u2019<strong>Istituto Italiano di Cultura di Rabat con il supporto del CIDIM \u2013 Comitato Nazionale Italiano Musica<\/strong>.<\/p>\n<p>Il concerto offrir\u00e0 un momento di <strong>grande intensit\u00e0 artistica ed emotiva<\/strong>, rendendo omaggio alla <strong>figura femminile<\/strong> come custode di memoria e forza creativa nel Mediterraneo. Tradizioni musicali napoletane e marocchine si intrecceranno, tessendo un <strong>dialogo sonoro autentico e profondo tra le due sponde del Mediterraneo<\/strong>.<\/p>\n<p>L\u2019ensemble femminile <strong>Rhoum El Bakkal (Akhawat Al-Fane Al-Assil)<\/strong>, diretto da <strong>Rahoum Bekkali<\/strong> e composto da giovani interpreti dai 15 ai 22 anni, proporr\u00e0 un repertorio ispirato alla <strong>Hadra di Chefchaouen<\/strong> e alle tradizioni sufi e popolari marocchine. Tra poesie cantate, invocazioni spirituali, percussioni ritmiche e movimenti coreografici codificati, il pubblico vivr\u00e0 un\u2019esperienza immersiva unica, arricchita dalla voce raffinata della <em>Munshida<\/em> (cantante)<strong> Sana Kallouche<\/strong>.<\/p>\n<p>Accanto a loro, il <strong>soprano Letizia Calandra<\/strong>, accompagnata da <strong>Sonia Maurer<\/strong> alla chitarra e <strong>Valentina Ferraiuolo<\/strong> al tamburello, interpreter\u00e0 un repertorio napoletano e mediterraneo che evidenzia affinit\u00e0 emotive e reciproche influenze tra le due tradizioni musicali. Le sequenze condivise permetteranno agli interpreti di entrambe le formazioni di dialogare sul palco, dando vita a un tessuto sonoro organico capace di celebrare una <strong>comune identit\u00e0 mediterranea<\/strong> oltre i confini geografici e linguistici.<\/p>\n<p><strong>Memoria, creativit\u00e0 e dialogo interculturale<\/strong><\/p>\n<p>L\u2019evento riafferma l\u2019arte e la cultura come strumenti privilegiati di dialogo e cooperazione internazionale, capaci di intrecciare tradizione e innovazione, memoria e futuro. Per oltre un mese, \u201cArte dal Vulcano\u201d ha rappresentato uno spazio unico di condivisione artistica, consolidando il ruolo di Napoli e della sua arte pi\u00f9 vitale nel ricchissimo panorama culturale marocchino. Il concerto trasforma ora questa esperienza in un momento musicale vibrante e collettivo, simbolo di una profonda identit\u00e0 mediterranea condivisa.<\/p>\n<p>S.E. Pasquale Salzano, Ambasciatore d\u2019Italia nel Regno del Marocco, dichiara: \u00abLa mostra \u201cArte dal Vulcano\u201d ha portato a Tangeri uno sguardo contemporaneo su Napoli e sulla sua capacit\u00e0 di dialogare con il Mediterraneo attraverso l\u2019arte.<\/p>\n<p>La cerimonia di chiusura, affidata alle voci delle donne mediterranee, ne offre una sintesi particolarmente significativa, in cui memoria, identit\u00e0 e creazione si incontrano in modo naturale.<\/p>\n<p>Questo progetto si inserisce con coerenza nel percorso culturale promosso dal Ministero degli Affari Esteri e della Cooperazione Internazionale, che accompagna il Bicentenario delle relazioni tra Italia e Marocco, confermando il ruolo della cultura come spazio concreto di incontro e di relazione duratura\u00bb.<\/p>\n<p>Sua Eccellenza Michele di Bari, Presidente del Comitato Nazionale Neapolis 2500 e Prefetto della citt\u00e0 di Napoli, dichiara: <em>\u00abArte dal Vulcano \u00e8 davvero un\u2019iniziativa di grande valore perch\u00e9 crea un ponte culturale tra Napoli e Tangeri, un ponte che attraversa il Mediterraneo, spazio di incontri, scambi e relazioni. Napoli ha una vocazione mediterranea straordinaria, che coltiva da 2.500 anni: una citt\u00e0 aperta e capace di dialogare con altre culture senza perdere la propria identit\u00e0. Questa mostra rinsalda oggi quella vocazione antica, rendendola viva e attuale attraverso l\u2019arte contemporanea. Art du Volcan non \u00e8 solo una mostra di grande qualit\u00e0, ma un gesto culturale che riafferma il ruolo di Napoli come crocevia di civilt\u00e0, luogo naturale di confronto tra Nord e Sud del Mediterraneo. Per questo non posso che esprimere un sincero ringraziamento ai curatori, all\u2019Ambasciatore Salzano, al Console Capecchi e alla Direttrice Callea e a tutte le istituzioni che hanno reso possibile un progetto cos\u00ec bello e significativo, capace di unire territori, storie e sensibilit\u00e0 diverse sotto il segno dell\u2019arte. E un sentito ringraziamento va al Ministro degli Esteri e della Cooperazione Internazionale, On. Le Antonio Tajani, e al Ministro della Cultura, Alessandro Giuli, per l\u2019attenzione e il sostegno continuo alle iniziative promosse dal Comitato Nazionale Neapolis 2500.\u00bb<\/em><\/p>\n<p>Da parte sua, la Dott.ssa Carmela Callea, Direttrice dell&#8217;Istituto Italiano di Cultura di Rabat, sottolinea: &#8220;Questa mostra, inserita nelle celebrazioni del 2500\u00b0 anniversario di Napoli e nel contesto del Bicentenario delle relazioni tra Italia e Marocco, ci ha permesso di raggiungere un pubblico vasto, curioso e profondamente coinvolto. Attraverso &#8220;Arte dal Vulcano&#8221; ed il Concerto proposto durante la cerimonia di chiusura della mostra, vogliamo dimostrare come la cultura costituisca uno spazio privilegiato per l&#8217;incontro umano, il rispetto reciproco e la costruzione di progetti condivisi significativi e lungimiranti&#8221;.<\/p>\n","protected":false},"excerpt":{"rendered":"&nbsp; Domenica 11 gennaio 2026, il Palazzo delle Istituzioni Italiane (Palazzo Moulay Hafid) a Tangeri ospiter\u00e0 la cerimonia di chiusura della mostra \u201cArte dal Vulcano\u201d, inaugurata l\u20198 dicembre 2025. L\u2019iniziativa, promossa sotto l\u2019egida del Comitato Nazionale Neapolis 2500, si inserisce nell\u2019ambito delle celebrazioni del 2500\u00b0 anniversario della fondazione di Napoli e del Bicentenario delle relazioni [&hellip;]","protected":false},"author":4,"featured_media":0,"comment_status":"closed","ping_status":"closed","sticky":false,"template":"","format":"standard","meta":{"footnotes":""},"tags":[],"class_list":["post-3038","post","type-post","status-publish","format-standard","hentry"],"_links":{"self":[{"href":"https:\/\/ambrabat.esteri.it\/it\/wp-json\/wp\/v2\/posts\/3038","targetHints":{"allow":["GET"]}}],"collection":[{"href":"https:\/\/ambrabat.esteri.it\/it\/wp-json\/wp\/v2\/posts"}],"about":[{"href":"https:\/\/ambrabat.esteri.it\/it\/wp-json\/wp\/v2\/types\/post"}],"author":[{"embeddable":true,"href":"https:\/\/ambrabat.esteri.it\/it\/wp-json\/wp\/v2\/users\/4"}],"replies":[{"embeddable":true,"href":"https:\/\/ambrabat.esteri.it\/it\/wp-json\/wp\/v2\/comments?post=3038"}],"version-history":[{"count":3,"href":"https:\/\/ambrabat.esteri.it\/it\/wp-json\/wp\/v2\/posts\/3038\/revisions"}],"predecessor-version":[{"id":3046,"href":"https:\/\/ambrabat.esteri.it\/it\/wp-json\/wp\/v2\/posts\/3038\/revisions\/3046"}],"wp:attachment":[{"href":"https:\/\/ambrabat.esteri.it\/it\/wp-json\/wp\/v2\/media?parent=3038"}],"wp:term":[{"taxonomy":"post_tag","embeddable":true,"href":"https:\/\/ambrabat.esteri.it\/it\/wp-json\/wp\/v2\/tags?post=3038"}],"curies":[{"name":"wp","href":"https:\/\/api.w.org\/{rel}","templated":true}]}}