{"id":948,"date":"2020-05-30T14:25:14","date_gmt":"2020-05-30T13:25:14","guid":{"rendered":"https:\/\/ambrabat.esteri.it\/news\/dall_ambasciata\/2020\/05\/covid-19-collegamento-marittimo_1\/"},"modified":"2020-05-30T14:25:14","modified_gmt":"2020-05-30T13:25:14","slug":"covid-19-collegamento-marittimo_1","status":"publish","type":"post","link":"https:\/\/ambrabat.esteri.it\/it\/news\/dall_ambasciata\/2020\/05\/covid-19-collegamento-marittimo_1\/","title":{"rendered":"COVID-19: COLLEGAMENTO MARITTIMO SPECIALE TANGERI-GENOVA (16 GIUGNO 2020)."},"content":{"rendered":"<p>L\u2019Ambasciata d\u2019Italia a Rabat ed il Consolato Generale a Casablanca, in accordo con le Autorit\u00e0 marocchine, hanno organizzato per il prossimo marted\u00ec <strong>16 giugno<\/strong> un\u2019operazione speciale con la compagnia marittima Grandi Navi Veloci (GNV) sulla tratta <strong>Tangeri-Genova<\/strong>, a beneficio di cittadini italiani e di cittadini marocchini titolari di regolare permesso di soggiorno in Italia, <strong>pedoni o con veicolo esclusivamente immatricolato in Europa<\/strong>.<\/p>\n<p>Si invitano gli interessati a registrarsi al portale <strong><a href=\"https:\/\/gnv.it\/fr\/rapatriements-16-juin.html\">https:\/\/gnv.it\/fr\/rapatriements-16-juin.html<\/a><\/strong> , sia nel caso in cui non abbiano un biglietto GNV, sia nel caso in cui abbiano gi\u00e0 un biglietto GNV affinch\u00e9 possano modificare la data di partenza al 16 giugno.<\/p>\n<p><span style=\"text-decoration: underline;\"><strong>La procedura di registrazione non d\u00e0 diritto a partire, ma \u00e8 necessaria per l&#8217;emissione del biglietto. Sar\u00e0 consentito l&#8217;imbarco unicamente a coloro che, dopo essersi registrati ed a seguito della verifica dei requisiti, saranno contattati da GNV per l\u2019emissione del biglietto.<\/strong><\/span><\/p>\n<p>Si precisa inoltre quanto segue:<\/p>\n<ul>\n<li>Quella descritta \u00e8 l\u2019<strong>unica modalit\u00e0 di registrazione per la nave GNV del 16 giugno<\/strong>. L\u2019Ambasciata ed il Consolato Generale a Casablanca NON effettueranno alcuna registrazione attraverso mail o telefonate. Si prega pertanto l\u2019utenza di <strong>NON inviare nuove comunicazioni agli indirizzi mail e di NON chiamare i numeri di telefono e di emergenza di Ambasciata e Consolato per chiedere l\u2019inserimento nelle liste dei passeggeri<\/strong>;<\/li>\n<li>In caso di possesso di un altro biglietto GNV, lo <strong>spostamento alla partenza del 16 giugno NON \u00e8 automatico<\/strong>;<\/li>\n<li><strong>NON sono previste date per voli speciali verso l\u2019Italia<\/strong>.<\/li>\n<\/ul>\n<p>L\u2019ingresso in Italia dal Marocco \u00e8 consentito solo per comprovate esigenze lavorative, di assoluta urgenza o per motivi di salute; resta in ogni caso consentito rientrare presso il proprio domicilio, abitazione o residenza. Chi entra o rientra in Italia dal Marocco deve trascorrere un periodo di <strong>14 giorni di sorveglianza sanitaria e di isolamento fiduciario<\/strong> presso la propria abitazione o in un\u2019altra dimora scelta dall\u2019interessato o, in mancanza, determinata dalla Protezione civile regionale.<\/p>\n<p>Le Autorit\u00e0 italiane di frontiera a Genova e di polizia sul territorio italiano richiederenno le <strong>due autocertificazioni necessarie<\/strong> ad (1) <strong><a href=\"resource\/doc\/2020\/05\/modulo_rientro_da_estero_18mag20.docx\">attestare le motivazioni del rientro in Italia<\/a><\/strong> e (2) <strong><a href=\"resource\/doc\/2020\/05\/nuovo_modello_autodichiarazione_editabile_maggio_2020.pdf\">potersi spostare dal porto di Genova alla propria abitazione<\/a><\/strong> e che i passeggeri saranno pertanto tenuti a <strong>stampare e compilare gi\u00e0 prima della partenza dal Marocco<\/strong>.<\/p>\n<p>Si specifica infine per coloro che si imbarcheranno senza veicolo che, una volta arrivati a Genova, sar\u00e0 possibile <strong>farsi venire a prendere in auto al porto<\/strong> da una sola persona, convivente o coabitante nello stesso domicilio del trasportato, munita di mascherina di protezione. Anche in questo caso, sar\u00e0 necessario compilare in dettaglio l\u2019autocertificazione (2) per potersi spostare dal porto di Genova alla propria abitazione.<\/p>\n<p>Per maggiori informazioni, anche su eventuali ulteriori modalit\u00e0\u00a0per raggiungere il proprio domicilio una volta arrivati a Genova,\u00a0si invita a consultare l\u2019<a href=\"https:\/\/www.esteri.it\/mae\/it\/ministero\/normativaonline\/decreto-iorestoacasa-domande-frequenti\/focus-cittadini-italiani-in-rientro-dall-estero-e-cittadini-stranieri-in-italia.html\">approfondimento della Farnesina<\/a>.<\/p>\n","protected":false},"excerpt":{"rendered":"L\u2019Ambasciata d\u2019Italia a Rabat ed il Consolato Generale a Casablanca, in accordo con le Autorit\u00e0 marocchine, hanno organizzato per il prossimo marted\u00ec 16 giugno un\u2019operazione speciale con la compagnia marittima Grandi Navi Veloci (GNV) sulla tratta Tangeri-Genova, a beneficio di cittadini italiani e di cittadini marocchini titolari di regolare permesso di soggiorno in Italia, pedoni [&hellip;]","protected":false},"author":1,"featured_media":0,"comment_status":"","ping_status":"","sticky":false,"template":"","format":"standard","meta":{"footnotes":""},"tags":[],"class_list":["post-948","post","type-post","status-publish","format-standard","hentry"],"_links":{"self":[{"href":"https:\/\/ambrabat.esteri.it\/it\/wp-json\/wp\/v2\/posts\/948","targetHints":{"allow":["GET"]}}],"collection":[{"href":"https:\/\/ambrabat.esteri.it\/it\/wp-json\/wp\/v2\/posts"}],"about":[{"href":"https:\/\/ambrabat.esteri.it\/it\/wp-json\/wp\/v2\/types\/post"}],"author":[{"embeddable":true,"href":"https:\/\/ambrabat.esteri.it\/it\/wp-json\/wp\/v2\/users\/1"}],"replies":[{"embeddable":true,"href":"https:\/\/ambrabat.esteri.it\/it\/wp-json\/wp\/v2\/comments?post=948"}],"version-history":[{"count":0,"href":"https:\/\/ambrabat.esteri.it\/it\/wp-json\/wp\/v2\/posts\/948\/revisions"}],"wp:attachment":[{"href":"https:\/\/ambrabat.esteri.it\/it\/wp-json\/wp\/v2\/media?parent=948"}],"wp:term":[{"taxonomy":"post_tag","embeddable":true,"href":"https:\/\/ambrabat.esteri.it\/it\/wp-json\/wp\/v2\/tags?post=948"}],"curies":[{"name":"wp","href":"https:\/\/api.w.org\/{rel}","templated":true}]}}